{"id":4474,"date":"2013-09-23T14:59:07","date_gmt":"2013-09-23T16:59:07","guid":{"rendered":"http:\/\/ipv.salta.gov.ar\/?p=4474"},"modified":"2013-09-24T11:57:37","modified_gmt":"2013-09-24T13:57:37","slug":"las-viviendas-para-aborigenes-se-construyen-con-normalidad","status":"publish","type":"post","link":"http:\/\/ipv.salta.gov.ar\/?p=4474","title":{"rendered":"EST\u00c1N EN EJECUCI\u00d3N EN TARTAGAL M\u00c1S DE 170 VIVIENDAS PARA ABOR\u00cdGENES"},"content":{"rendered":"<p><strong><a href=\"http:\/\/ipv.salta.gov.ar\/wp-content\/uploads\/2013\/09\/Imagen-022.jpg\"><img decoding=\"async\" loading=\"lazy\" class=\"alignleft size-medium wp-image-4475\" alt=\"Imagen 022\" src=\"http:\/\/ipv.salta.gov.ar\/wp-content\/uploads\/2013\/09\/Imagen-022-300x200.jpg\" width=\"300\" height=\"200\" srcset=\"http:\/\/ipv.salta.gov.ar\/wp-content\/uploads\/2013\/09\/Imagen-022-300x200.jpg 300w, http:\/\/ipv.salta.gov.ar\/wp-content\/uploads\/2013\/09\/Imagen-022-1024x682.jpg 1024w\" sizes=\"(max-width: 300px) 100vw, 300px\" \/><\/a><\/strong><\/p>\n<p><strong>Los beneficiarios ser\u00e1n familias las etnias guaran\u00ed, kolla, diaguita calchaqu\u00ed, wich\u00ed, chorote, chan\u00e9 y toba. Las viviendas que tienen una tipolog\u00eda distinta a las tradicionales, intentando conservar el estilo de vida de los pueblos originarios.<\/strong><\/p>\n<p><!--more--><\/p>\n<p>El presidente del Instituto Provincial de Vivienda, Fernando Alesanco realiz\u00f3 un extenso recorrido de obras habitacionales por el departamento San Mart\u00edn. En la oportunidad,  recorri\u00f3  las viviendas que se construyen en Tartagal para comunidades abor\u00edgenes, mediante el Programa Federal de Vivienda y Mejoramiento del H\u00e1bitat de Pueblos Originarios y Rurales.<\/p>\n<p>Los beneficiarios ser\u00e1n familias de las etnias guaran\u00ed, kolla, diaguita calchaqu\u00ed, wich\u00ed, chorote, chan\u00e9 y toba, para quienes se construye m\u00e1s de 170 viviendas.<\/p>\n<p>En la oportunidad, el titular del IPV junto al vocal del IPPIS, Indalecio Calermo verific\u00f3 las construcciones de las viviendas que tienen una tipolog\u00eda distinta a las tradicionales, intentando conservar el estilo de vida de los pueblos originarios.<\/p>\n<p>Durante la visita Alesanco destac\u00f3 que \u201cdentro de las prioridades de ejecuciones de vivienda se encuentran las destinadas a las comunidades abor\u00edgenes porque entendemos que ellos tienen los mismos derechos que los criollos y las mismas oportunidades de crecimiento.<\/p>\n<p>En los municipios del norte de la provincia estamos construyendo centenares de viviendas, hace un par de meses firm\u00e9 un nuevo convenio por 230 casas m\u00e1s para los pueblos originarios\u201d.<\/p>\n<p>Acompa\u00f1aron en el recorrido, el secretario de Obras P\u00fablicas, Sergio Zorpudes y el coordinador de Unidad Ejecutora del IPV, Rub\u00e9n Hamada.<\/p>\n","protected":false},"excerpt":{"rendered":"<p>Los beneficiarios ser\u00e1n familias las etnias guaran\u00ed, kolla, diaguita calchaqu\u00ed, wich\u00ed, chorote, chan\u00e9 y toba. Las viviendas que tienen una tipolog\u00eda distinta a las tradicionales, intentando conservar el estilo de vida de los pueblos originarios.<\/p>\n","protected":false},"author":3,"featured_media":0,"comment_status":"closed","ping_status":"open","sticky":false,"template":"","format":"standard","meta":{"footnotes":""},"categories":[4],"tags":[],"_links":{"self":[{"href":"http:\/\/ipv.salta.gov.ar\/index.php?rest_route=\/wp\/v2\/posts\/4474"}],"collection":[{"href":"http:\/\/ipv.salta.gov.ar\/index.php?rest_route=\/wp\/v2\/posts"}],"about":[{"href":"http:\/\/ipv.salta.gov.ar\/index.php?rest_route=\/wp\/v2\/types\/post"}],"author":[{"embeddable":true,"href":"http:\/\/ipv.salta.gov.ar\/index.php?rest_route=\/wp\/v2\/users\/3"}],"replies":[{"embeddable":true,"href":"http:\/\/ipv.salta.gov.ar\/index.php?rest_route=%2Fwp%2Fv2%2Fcomments&post=4474"}],"version-history":[{"count":3,"href":"http:\/\/ipv.salta.gov.ar\/index.php?rest_route=\/wp\/v2\/posts\/4474\/revisions"}],"predecessor-version":[{"id":4477,"href":"http:\/\/ipv.salta.gov.ar\/index.php?rest_route=\/wp\/v2\/posts\/4474\/revisions\/4477"}],"wp:attachment":[{"href":"http:\/\/ipv.salta.gov.ar\/index.php?rest_route=%2Fwp%2Fv2%2Fmedia&parent=4474"}],"wp:term":[{"taxonomy":"category","embeddable":true,"href":"http:\/\/ipv.salta.gov.ar\/index.php?rest_route=%2Fwp%2Fv2%2Fcategories&post=4474"},{"taxonomy":"post_tag","embeddable":true,"href":"http:\/\/ipv.salta.gov.ar\/index.php?rest_route=%2Fwp%2Fv2%2Ftags&post=4474"}],"curies":[{"name":"wp","href":"https:\/\/api.w.org\/{rel}","templated":true}]}}