{"id":4480,"date":"2013-09-24T13:08:34","date_gmt":"2013-09-24T15:08:34","guid":{"rendered":"http:\/\/ipv.salta.gov.ar\/?p=4480"},"modified":"2013-09-24T13:08:34","modified_gmt":"2013-09-24T15:08:34","slug":"treinta-familias-de-mollinedo-se-beneficiaran-con-obras-habitacionales","status":"publish","type":"post","link":"http:\/\/ipv.salta.gov.ar\/?p=4480","title":{"rendered":"TREINTA FAMILIAS DE MOLLINEDO SE BENEFICIAR\u00c1N CON OBRAS HABITACIONALES"},"content":{"rendered":"<p style=\"text-align: justify;\"><a href=\"http:\/\/ipv.salta.gov.ar\/wp-content\/uploads\/2013\/09\/websalta-ipv-24-septiembre_firma_de_convenio_ballivi\u00e1n.jpg\"><img decoding=\"async\" loading=\"lazy\" class=\"alignleft size-medium wp-image-4482\" alt=\"websalta-ipv-24-septiembre_firma_de_convenio_ballivi\u00e1n\" src=\"http:\/\/ipv.salta.gov.ar\/wp-content\/uploads\/2013\/09\/websalta-ipv-24-septiembre_firma_de_convenio_ballivi\u00e1n-300x193.jpg\" width=\"300\" height=\"193\" srcset=\"http:\/\/ipv.salta.gov.ar\/wp-content\/uploads\/2013\/09\/websalta-ipv-24-septiembre_firma_de_convenio_ballivi\u00e1n-300x193.jpg 300w, http:\/\/ipv.salta.gov.ar\/wp-content\/uploads\/2013\/09\/websalta-ipv-24-septiembre_firma_de_convenio_ballivi\u00e1n.jpg 560w\" sizes=\"(max-width: 300px) 100vw, 300px\" \/><\/a><strong>Se construir\u00e1n 10 viviendas pertenecientes al programa \u201cMi Casa\u201d y 20 n\u00facleos sanitarios, ambos financiados por la Provincia.<\/strong><\/p>\n<p style=\"text-align: justify;\"><!--more--><\/p>\n<p style=\"text-align: justify;\">La localidad de Coronel Mollinedo del municipio de Apolinario Saravia se ver\u00e1 beneficiada con 30 nuevas obras habitacionales, all\u00ed se construir\u00e1n 10 viviendas y 20 n\u00facleos sanitarios, con la finalidad principal de proporcionar mejores condiciones de vida a los residentes del lugar.<\/p>\n<p style=\"text-align: justify;\">El presidente del Instituto Provincial de la Vivienda (IPV) Fernando Alesanco rubric\u00f3 dos convenios con el intendente de Apolinario Saravia, Samuel Cabrera en los que se comprometen a la edificaci\u00f3n de 10 viviendas pertenecientes al programa \u201cMi Casa\u201d y 20 n\u00facleos sanitarios del plan \u201cN\u00facleos H\u00famedos\u201d, ambos financiados por la Provincia. Los trabajos se emplazar\u00e1n en la localidad de Coronel Mollinedo y los beneficiarios ser\u00e1n familias de escasos recursos econ\u00f3micos.<\/p>\n<p style=\"text-align: justify;\">Para la obra, la municipalidad se encargar\u00e1 de la provisi\u00f3n de mano de obra y materiales y el IPV ser\u00e1 el organismo que financiar\u00e1 la construcci\u00f3n. Para las 30 intervenciones el presupuesto ser\u00e1 de$ 1.486.240.<\/p>\n","protected":false},"excerpt":{"rendered":"<p>Se construir\u00e1n 10 viviendas pertenecientes al programa \u201cMi Casa\u201d y 20 n\u00facleos sanitarios, ambos financiados por la Provincia.<\/p>\n","protected":false},"author":3,"featured_media":0,"comment_status":"closed","ping_status":"open","sticky":false,"template":"","format":"standard","meta":{"footnotes":""},"categories":[4],"tags":[],"_links":{"self":[{"href":"http:\/\/ipv.salta.gov.ar\/index.php?rest_route=\/wp\/v2\/posts\/4480"}],"collection":[{"href":"http:\/\/ipv.salta.gov.ar\/index.php?rest_route=\/wp\/v2\/posts"}],"about":[{"href":"http:\/\/ipv.salta.gov.ar\/index.php?rest_route=\/wp\/v2\/types\/post"}],"author":[{"embeddable":true,"href":"http:\/\/ipv.salta.gov.ar\/index.php?rest_route=\/wp\/v2\/users\/3"}],"replies":[{"embeddable":true,"href":"http:\/\/ipv.salta.gov.ar\/index.php?rest_route=%2Fwp%2Fv2%2Fcomments&post=4480"}],"version-history":[{"count":2,"href":"http:\/\/ipv.salta.gov.ar\/index.php?rest_route=\/wp\/v2\/posts\/4480\/revisions"}],"predecessor-version":[{"id":4484,"href":"http:\/\/ipv.salta.gov.ar\/index.php?rest_route=\/wp\/v2\/posts\/4480\/revisions\/4484"}],"wp:attachment":[{"href":"http:\/\/ipv.salta.gov.ar\/index.php?rest_route=%2Fwp%2Fv2%2Fmedia&parent=4480"}],"wp:term":[{"taxonomy":"category","embeddable":true,"href":"http:\/\/ipv.salta.gov.ar\/index.php?rest_route=%2Fwp%2Fv2%2Fcategories&post=4480"},{"taxonomy":"post_tag","embeddable":true,"href":"http:\/\/ipv.salta.gov.ar\/index.php?rest_route=%2Fwp%2Fv2%2Ftags&post=4480"}],"curies":[{"name":"wp","href":"https:\/\/api.w.org\/{rel}","templated":true}]}}