{"id":4485,"date":"2013-09-25T11:15:15","date_gmt":"2013-09-25T13:15:15","guid":{"rendered":"http:\/\/ipv.salta.gov.ar\/?p=4485"},"modified":"2013-09-25T11:15:15","modified_gmt":"2013-09-25T13:15:15","slug":"el-ipv-subsidiara-la-construccion-de-20-nucleos-sanitarios-en-coronel-juan-sola","status":"publish","type":"post","link":"http:\/\/ipv.salta.gov.ar\/?p=4485","title":{"rendered":"EL IPV SUBSIDIAR\u00c1 LA CONSTRUCCI\u00d3N DE 20 N\u00daCLEOS SANITARIOS EN CORONEL JUAN SOL\u00c1"},"content":{"rendered":"<p><strong><a href=\"http:\/\/ipv.salta.gov.ar\/wp-content\/uploads\/2013\/09\/conv-cnel-juan-sola.jpg\"><img decoding=\"async\" loading=\"lazy\" class=\"alignleft size-medium wp-image-4486\" alt=\"conv cnel juan sola\" src=\"http:\/\/ipv.salta.gov.ar\/wp-content\/uploads\/2013\/09\/conv-cnel-juan-sola-300x200.jpg\" width=\"300\" height=\"200\" srcset=\"http:\/\/ipv.salta.gov.ar\/wp-content\/uploads\/2013\/09\/conv-cnel-juan-sola-300x200.jpg 300w, http:\/\/ipv.salta.gov.ar\/wp-content\/uploads\/2013\/09\/conv-cnel-juan-sola-1024x682.jpg 1024w\" sizes=\"(max-width: 300px) 100vw, 300px\" \/><\/a>A trav\u00e9s del programa provincial N\u00facleos H\u00famedos, familias de escasos recursos se beneficiar\u00e1n con sanitarios b\u00e1sicos.<\/strong><\/p>\n<p><!--more--><\/p>\n<p>El titular del Instituto Provincial de Vivienda, Fernando Alesanco se reuni\u00f3 con la intendente de Rivadavia Banda Norte, Marcela Carabajal para la firma de un convenio para la construcci\u00f3n de veinte n\u00facleos h\u00famedos, destinados a los residentes de la localidad de Coronel Juan Sol\u00e1.<\/p>\n<p>La obra ser\u00e1 subsidiada por el IPV con una inversi\u00f3n de $197.820. Los sanitarios se construir\u00e1n en los lotes de los beneficiarios, que tendr\u00e1n que contar con los servicios b\u00e1sicos.<\/p>\n<p>La ejecuci\u00f3n, direcci\u00f3n t\u00e9cnica, mano de obra  y materiales estar\u00e1 a cargo del municipio como as\u00ed tambi\u00e9n la postulaci\u00f3n de los futuros beneficiarios, mientras que la Provincia financiar\u00e1 los trabajos.<\/p>\n<p>Alesanco expres\u00f3 que a trav\u00e9s de este programa se pretende mejorar la calidad de vida de las familias que m\u00e1s lo necesitan y a su vez contribuir con la erradicaci\u00f3n de letrinas.<\/p>\n","protected":false},"excerpt":{"rendered":"<p>A trav\u00e9s del programa provincial N\u00facleos H\u00famedos, familias de escasos recursos se beneficiar\u00e1n con sanitarios b\u00e1sicos.<\/p>\n","protected":false},"author":3,"featured_media":0,"comment_status":"closed","ping_status":"open","sticky":false,"template":"","format":"standard","meta":{"footnotes":""},"categories":[4],"tags":[],"_links":{"self":[{"href":"http:\/\/ipv.salta.gov.ar\/index.php?rest_route=\/wp\/v2\/posts\/4485"}],"collection":[{"href":"http:\/\/ipv.salta.gov.ar\/index.php?rest_route=\/wp\/v2\/posts"}],"about":[{"href":"http:\/\/ipv.salta.gov.ar\/index.php?rest_route=\/wp\/v2\/types\/post"}],"author":[{"embeddable":true,"href":"http:\/\/ipv.salta.gov.ar\/index.php?rest_route=\/wp\/v2\/users\/3"}],"replies":[{"embeddable":true,"href":"http:\/\/ipv.salta.gov.ar\/index.php?rest_route=%2Fwp%2Fv2%2Fcomments&post=4485"}],"version-history":[{"count":1,"href":"http:\/\/ipv.salta.gov.ar\/index.php?rest_route=\/wp\/v2\/posts\/4485\/revisions"}],"predecessor-version":[{"id":4487,"href":"http:\/\/ipv.salta.gov.ar\/index.php?rest_route=\/wp\/v2\/posts\/4485\/revisions\/4487"}],"wp:attachment":[{"href":"http:\/\/ipv.salta.gov.ar\/index.php?rest_route=%2Fwp%2Fv2%2Fmedia&parent=4485"}],"wp:term":[{"taxonomy":"category","embeddable":true,"href":"http:\/\/ipv.salta.gov.ar\/index.php?rest_route=%2Fwp%2Fv2%2Fcategories&post=4485"},{"taxonomy":"post_tag","embeddable":true,"href":"http:\/\/ipv.salta.gov.ar\/index.php?rest_route=%2Fwp%2Fv2%2Ftags&post=4485"}],"curies":[{"name":"wp","href":"https:\/\/api.w.org\/{rel}","templated":true}]}}