{"id":4488,"date":"2013-09-25T11:19:53","date_gmt":"2013-09-25T13:19:53","guid":{"rendered":"http:\/\/ipv.salta.gov.ar\/?p=4488"},"modified":"2013-09-25T11:19:53","modified_gmt":"2013-09-25T13:19:53","slug":"diecinueve-familias-de-cerrillos-accederan-a-su-primera-vivienda-propia","status":"publish","type":"post","link":"http:\/\/ipv.salta.gov.ar\/?p=4488","title":{"rendered":"DIECINUEVE FAMILIAS DE CERRILLOS ACCEDER\u00c1N A SU PRIMERA VIVIENDA PROPIA"},"content":{"rendered":"<p><strong><a href=\"http:\/\/ipv.salta.gov.ar\/wp-content\/uploads\/2013\/09\/conv-cerrillos.jpg\"><img decoding=\"async\" loading=\"lazy\" class=\"alignleft size-medium wp-image-4489\" alt=\"conv cerrillos\" src=\"http:\/\/ipv.salta.gov.ar\/wp-content\/uploads\/2013\/09\/conv-cerrillos-300x200.jpg\" width=\"300\" height=\"200\" srcset=\"http:\/\/ipv.salta.gov.ar\/wp-content\/uploads\/2013\/09\/conv-cerrillos-300x200.jpg 300w, http:\/\/ipv.salta.gov.ar\/wp-content\/uploads\/2013\/09\/conv-cerrillos-1024x682.jpg 1024w\" sizes=\"(max-width: 300px) 100vw, 300px\" \/><\/a>Se construir\u00e1n a trav\u00e9s del Programa Federal \u201cMejor Vivir II\u201d y en terreno de los beneficiarios.<\/strong><\/p>\n<p><!--more--><\/p>\n<p>Hace algunos meses, 198 familias del barrio Los Pinares de Cerrillos recibieron su vivienda propia, que formaban parte de un complejo habitacional de 998 casas. Hoy 19 familias m\u00e1s podr\u00e1n acceder a su techo digno a partir de un convenio rubricado entre el presidente del Instituto Provincial de Vivienda Fernando Alesanco y el intendente de Cerrillos, Rub\u00e9n Corimayo.<\/p>\n<p>En las oficinas del IPV se desarroll\u00f3 la firma del acuerdo para construir 19 viviendas pertenecientes al programa \u00abMejor Vivir II\u00bb, con una inversi\u00f3n total ser\u00e1 de $1.615.000.<\/p>\n<p>La construcci\u00f3n, mano de obra y materiales de las viviendas estar\u00e1n a cargo del municipio y las mismas contar\u00e1n con cocina-comedor, un dormitorio, ba\u00f1o y lavadero externo.<\/p>\n<p>Los beneficiarios deber\u00e1n cumplir con los requisitos exigidos por el IPV y ser\u00e1n seleccionados por la intendencia. Los terrenos donde se emplazar\u00e1n las viviendas tendr\u00e1n que tener los servicios b\u00e1sicos.<\/p>\n","protected":false},"excerpt":{"rendered":"<p>Se construir\u00e1n a trav\u00e9s del Programa Federal \u201cMejor Vivir II\u201d y en terreno de los beneficiarios.<\/p>\n","protected":false},"author":3,"featured_media":0,"comment_status":"closed","ping_status":"open","sticky":false,"template":"","format":"standard","meta":{"footnotes":""},"categories":[4],"tags":[],"_links":{"self":[{"href":"http:\/\/ipv.salta.gov.ar\/index.php?rest_route=\/wp\/v2\/posts\/4488"}],"collection":[{"href":"http:\/\/ipv.salta.gov.ar\/index.php?rest_route=\/wp\/v2\/posts"}],"about":[{"href":"http:\/\/ipv.salta.gov.ar\/index.php?rest_route=\/wp\/v2\/types\/post"}],"author":[{"embeddable":true,"href":"http:\/\/ipv.salta.gov.ar\/index.php?rest_route=\/wp\/v2\/users\/3"}],"replies":[{"embeddable":true,"href":"http:\/\/ipv.salta.gov.ar\/index.php?rest_route=%2Fwp%2Fv2%2Fcomments&post=4488"}],"version-history":[{"count":1,"href":"http:\/\/ipv.salta.gov.ar\/index.php?rest_route=\/wp\/v2\/posts\/4488\/revisions"}],"predecessor-version":[{"id":4490,"href":"http:\/\/ipv.salta.gov.ar\/index.php?rest_route=\/wp\/v2\/posts\/4488\/revisions\/4490"}],"wp:attachment":[{"href":"http:\/\/ipv.salta.gov.ar\/index.php?rest_route=%2Fwp%2Fv2%2Fmedia&parent=4488"}],"wp:term":[{"taxonomy":"category","embeddable":true,"href":"http:\/\/ipv.salta.gov.ar\/index.php?rest_route=%2Fwp%2Fv2%2Fcategories&post=4488"},{"taxonomy":"post_tag","embeddable":true,"href":"http:\/\/ipv.salta.gov.ar\/index.php?rest_route=%2Fwp%2Fv2%2Ftags&post=4488"}],"curies":[{"name":"wp","href":"https:\/\/api.w.org\/{rel}","templated":true}]}}