{"id":4491,"date":"2013-09-25T13:01:27","date_gmt":"2013-09-25T15:01:27","guid":{"rendered":"http:\/\/ipv.salta.gov.ar\/?p=4491"},"modified":"2013-09-25T13:01:27","modified_gmt":"2013-09-25T15:01:27","slug":"diez-nuevas-viviendas-para-el-municipio-de-la-caldera","status":"publish","type":"post","link":"http:\/\/ipv.salta.gov.ar\/?p=4491","title":{"rendered":"DIEZ NUEVAS VIVIENDAS PARA EL MUNICIPIO DE LA CALDERA"},"content":{"rendered":"<p><strong><a href=\"http:\/\/ipv.salta.gov.ar\/wp-content\/uploads\/2013\/09\/conv-la-caldera.jpg\"><img decoding=\"async\" loading=\"lazy\" class=\"alignleft size-medium wp-image-4492\" alt=\"conv la caldera\" src=\"http:\/\/ipv.salta.gov.ar\/wp-content\/uploads\/2013\/09\/conv-la-caldera-300x200.jpg\" width=\"300\" height=\"200\" srcset=\"http:\/\/ipv.salta.gov.ar\/wp-content\/uploads\/2013\/09\/conv-la-caldera-300x200.jpg 300w, http:\/\/ipv.salta.gov.ar\/wp-content\/uploads\/2013\/09\/conv-la-caldera-1024x682.jpg 1024w\" sizes=\"(max-width: 300px) 100vw, 300px\" \/><\/a>Estar\u00e1n destinadas a familias de escasos recursos que cuenten con terrenos propios y la escritura p\u00fablica correspondiente.<\/strong><\/p>\n<p><!--more--><\/p>\n<p>En las oficinas del Instituto Provincial de Vivienda  (IPV) se concret\u00f3 el acuerdo por la construcci\u00f3n de diez nuevas viviendas de un dormitorio en la localidad de La Caldera mediante la firma de un convenio entre el titular del IPV Fernando Alesanco  y el jefe comunal de La Caldera Luis Menda\u00f1a.<\/p>\n<p>Las casas que pertenecen al Programa \u00abMejor Vivir II\u00bb contar\u00e1n con cocina-comedor, un dormitorio, ba\u00f1o y lavadero externo. Para la obra la municipalidad se har\u00e1 cargo de llevar adelante los trabajos de construcci\u00f3n, de supervisar las tareas y de proponer a los futuros beneficiarios.<\/p>\n<p>Alesanco recalc\u00f3 que a trav\u00e9s de este programa ya se encuentran en ejecuci\u00f3n 126 viviendas en los municipios de Apolinario Saravia, El Jard\u00edn, El Galp\u00f3n, El Quebrachal y Las Lajitas. Asimismo, recientemente iniciadas 150 unidades m\u00e1s en Guachipas, Vaqueros, La Merced, Or\u00e1n, Met\u00e1n y Cachi.<\/p>\n<p>Caber recordar que adem\u00e1s en la localidad se encuentran en ejecuci\u00f3n 10 soluciones habitacionales con un avance f\u00edsico del 21,88% que son financiadas por la provincia.<\/p>\n<p>El titular del IPV destac\u00f3 la importancia de seguir trabajando con los municipios y de esta manera solucionar la problem\u00e1tica habitacional de los salte\u00f1os que anhelan la vivienda propia.<\/p>\n","protected":false},"excerpt":{"rendered":"<p>Estar\u00e1n destinadas a familias de escasos recursos que cuenten con terrenos propios y la escritura p\u00fablica correspondiente.<\/p>\n","protected":false},"author":3,"featured_media":0,"comment_status":"closed","ping_status":"open","sticky":false,"template":"","format":"standard","meta":{"footnotes":""},"categories":[4],"tags":[],"_links":{"self":[{"href":"http:\/\/ipv.salta.gov.ar\/index.php?rest_route=\/wp\/v2\/posts\/4491"}],"collection":[{"href":"http:\/\/ipv.salta.gov.ar\/index.php?rest_route=\/wp\/v2\/posts"}],"about":[{"href":"http:\/\/ipv.salta.gov.ar\/index.php?rest_route=\/wp\/v2\/types\/post"}],"author":[{"embeddable":true,"href":"http:\/\/ipv.salta.gov.ar\/index.php?rest_route=\/wp\/v2\/users\/3"}],"replies":[{"embeddable":true,"href":"http:\/\/ipv.salta.gov.ar\/index.php?rest_route=%2Fwp%2Fv2%2Fcomments&post=4491"}],"version-history":[{"count":1,"href":"http:\/\/ipv.salta.gov.ar\/index.php?rest_route=\/wp\/v2\/posts\/4491\/revisions"}],"predecessor-version":[{"id":4493,"href":"http:\/\/ipv.salta.gov.ar\/index.php?rest_route=\/wp\/v2\/posts\/4491\/revisions\/4493"}],"wp:attachment":[{"href":"http:\/\/ipv.salta.gov.ar\/index.php?rest_route=%2Fwp%2Fv2%2Fmedia&parent=4491"}],"wp:term":[{"taxonomy":"category","embeddable":true,"href":"http:\/\/ipv.salta.gov.ar\/index.php?rest_route=%2Fwp%2Fv2%2Fcategories&post=4491"},{"taxonomy":"post_tag","embeddable":true,"href":"http:\/\/ipv.salta.gov.ar\/index.php?rest_route=%2Fwp%2Fv2%2Ftags&post=4491"}],"curies":[{"name":"wp","href":"https:\/\/api.w.org\/{rel}","templated":true}]}}