{"id":4494,"date":"2013-09-27T11:21:06","date_gmt":"2013-09-27T13:21:06","guid":{"rendered":"http:\/\/ipv.salta.gov.ar\/?p=4494"},"modified":"2013-09-27T11:21:06","modified_gmt":"2013-09-27T13:21:06","slug":"salta-participo-en-iguazu-de-la-66-asamblea-ordinaria-del-consejo-nacional-de-vivienda","status":"publish","type":"post","link":"http:\/\/ipv.salta.gov.ar\/?p=4494","title":{"rendered":"SALTA PARTICIP\u00d3 EN IGUAZ\u00da DE LA 66\u00b0 ASAMBLEA ORDINARIA DEL CONSEJO NACIONAL DE VIVIENDA"},"content":{"rendered":"<p><strong><a href=\"http:\/\/ipv.salta.gov.ar\/wp-content\/uploads\/2013\/09\/web-ipvi-asamblea.jpg\"><img decoding=\"async\" loading=\"lazy\" class=\"alignleft size-medium wp-image-4495\" alt=\"web-ipvi-asamblea\" src=\"http:\/\/ipv.salta.gov.ar\/wp-content\/uploads\/2013\/09\/web-ipvi-asamblea-300x193.jpg\" width=\"300\" height=\"193\" srcset=\"http:\/\/ipv.salta.gov.ar\/wp-content\/uploads\/2013\/09\/web-ipvi-asamblea-300x193.jpg 300w, http:\/\/ipv.salta.gov.ar\/wp-content\/uploads\/2013\/09\/web-ipvi-asamblea.jpg 560w\" sizes=\"(max-width: 300px) 100vw, 300px\" \/><\/a>Se analizo la gesti\u00f3n de Programas Federales y el avance de cada provincia, especialmente el \u00abMejor Vivir II\u00bb donde Salta ya tiene en ejecuci\u00f3n m\u00e1s de 270 viviendas de un dormitorio y 258 a iniciar.<\/strong><\/p>\n<p><!--more--><\/p>\n<p>El presidente del Instituto Provincial de Vivienda, Fernando Alesanco junto al coordinador Ejecutivo, Carlos Joya participaron de la sexag\u00e9sima sexta Asamblea Ordinaria del Consejo Nacional de Vivienda en la ciudad de Iguaz\u00fa, provincia de Misiones, con el objetivo de evaluar la instrumentaci\u00f3n de los distintos programas y diagramar nuevas pol\u00edticas en terreno de vivienda.<\/p>\n<p>La apertura de la asamblea cont\u00f3 con la presencia de Germ\u00e1n Nivello, Subsecretario de Desarrollo Urbano y Vivienda de la Naci\u00f3n y los presidentes de las 24 jurisdicciones provinciales de Institutos de Viviendas, adem\u00e1s de funcionarios de la Subsecretaria de Desarrollo Urbano y Vivienda de la Naci\u00f3n.<\/p>\n<p>En la primera jornada de trabajo, Misiones realiz\u00f3 una exposici\u00f3n sobre los planes de vivienda que desarrollan en la provincia, posteriormente los funcionarios deliberaron sobre las perspectivas de desarrollo en materia de obra habitacional, adem\u00e1s de conocer el circuito de las operatorias.<\/p>\n<p>Otro de los \u00edtems que se abord\u00f3 durante la tarde fue el referido a la gesti\u00f3n de Programas Federales y el avance de cada provincia, especialmente el \u00abMejor Vivir II\u00bb donde Salta ya tiene en ejecuci\u00f3n m\u00e1s de 270 viviendas de un dormitorio y 258 a iniciar.<\/p>\n<p>Durante el congreso, Alesanco destac\u00f3 la participaci\u00f3n de todas las provincias en el m\u00e1ximo encuentro de Institutos de Vivienda a nivel nacional y manifest\u00f3 que \u00absiempre es muy positivo participar de este tipo de asambleas, porque vemos que la mayor\u00eda tenemos las mismas problem\u00e1ticas e intentamos buscar una soluci\u00f3n en conjunto. Adem\u00e1s, es el term\u00f3metro para determinar la situaci\u00f3n en la que se encuentra cada jurisdicci\u00f3n\u00bb.<\/p>\n<p>Finalmente, el titular del IPV Salta, dijo que \u00abnosotros estamos bien posicionados a comparaci\u00f3n de otras provincias, tanto en recaudaci\u00f3n como en construcci\u00f3n. Eso nos pone muy contentos y nos alienta a seguir trabajando bajo los mismos lineamientos\u00bb.<\/p>\n","protected":false},"excerpt":{"rendered":"<p>Se analizo la gesti\u00f3n de Programas Federales y el avance de cada provincia, especialmente el \u00abMejor Vivir II\u00bb donde Salta ya tiene en ejecuci\u00f3n m\u00e1s de 270 viviendas de un dormitorio y 258 a iniciar.<\/p>\n","protected":false},"author":3,"featured_media":0,"comment_status":"closed","ping_status":"open","sticky":false,"template":"","format":"standard","meta":{"footnotes":""},"categories":[4],"tags":[],"_links":{"self":[{"href":"http:\/\/ipv.salta.gov.ar\/index.php?rest_route=\/wp\/v2\/posts\/4494"}],"collection":[{"href":"http:\/\/ipv.salta.gov.ar\/index.php?rest_route=\/wp\/v2\/posts"}],"about":[{"href":"http:\/\/ipv.salta.gov.ar\/index.php?rest_route=\/wp\/v2\/types\/post"}],"author":[{"embeddable":true,"href":"http:\/\/ipv.salta.gov.ar\/index.php?rest_route=\/wp\/v2\/users\/3"}],"replies":[{"embeddable":true,"href":"http:\/\/ipv.salta.gov.ar\/index.php?rest_route=%2Fwp%2Fv2%2Fcomments&post=4494"}],"version-history":[{"count":1,"href":"http:\/\/ipv.salta.gov.ar\/index.php?rest_route=\/wp\/v2\/posts\/4494\/revisions"}],"predecessor-version":[{"id":4496,"href":"http:\/\/ipv.salta.gov.ar\/index.php?rest_route=\/wp\/v2\/posts\/4494\/revisions\/4496"}],"wp:attachment":[{"href":"http:\/\/ipv.salta.gov.ar\/index.php?rest_route=%2Fwp%2Fv2%2Fmedia&parent=4494"}],"wp:term":[{"taxonomy":"category","embeddable":true,"href":"http:\/\/ipv.salta.gov.ar\/index.php?rest_route=%2Fwp%2Fv2%2Fcategories&post=4494"},{"taxonomy":"post_tag","embeddable":true,"href":"http:\/\/ipv.salta.gov.ar\/index.php?rest_route=%2Fwp%2Fv2%2Ftags&post=4494"}],"curies":[{"name":"wp","href":"https:\/\/api.w.org\/{rel}","templated":true}]}}