{"id":4500,"date":"2013-10-01T11:50:18","date_gmt":"2013-10-01T13:50:18","guid":{"rendered":"http:\/\/ipv.salta.gov.ar\/?p=4500"},"modified":"2013-10-02T11:50:48","modified_gmt":"2013-10-02T13:50:48","slug":"el-programa-mejor-vivir-ii-permitira-que-cientos-de-familias-puedan-tener-su-casa-propia","status":"publish","type":"post","link":"http:\/\/ipv.salta.gov.ar\/?p=4500","title":{"rendered":"EL PROGRAMA MEJOR VIVIR II PERMITIR\u00c1 QUE CIENTOS DE FAMILIAS PUEDAN TENER SU CASA PROPIA"},"content":{"rendered":"<p><strong><a href=\"http:\/\/ipv.salta.gov.ar\/wp-content\/uploads\/2013\/10\/IMG_9483.jpg\"><img decoding=\"async\" loading=\"lazy\" class=\"alignleft size-medium wp-image-4501\" alt=\"IMG_9483\" src=\"http:\/\/ipv.salta.gov.ar\/wp-content\/uploads\/2013\/10\/IMG_9483-300x200.jpg\" width=\"300\" height=\"200\" srcset=\"http:\/\/ipv.salta.gov.ar\/wp-content\/uploads\/2013\/10\/IMG_9483-300x200.jpg 300w, http:\/\/ipv.salta.gov.ar\/wp-content\/uploads\/2013\/10\/IMG_9483-1024x682.jpg 1024w\" sizes=\"(max-width: 300px) 100vw, 300px\" \/><\/a>El titular del Instituto Provincial de Vivienda Fernando Alesanco firm\u00f3 en Chicoana un convenio para la construcci\u00f3n de 10 viviendas de un dormitorio pertenecientes al Programa Federal Mejor Vivir II.<\/strong><\/p>\n<p><!--more--><\/p>\n<p>Alesanco fue recibido por el jefe comunal de Chicoana Esteban Ivetich en las oficinas de la intendencia, donde concretaron la firma del acuerdo a trav\u00e9s del cual 10 familias residentes de la localidad se beneficiar\u00e1n con las viviendas.<\/p>\n<p>Cientos de familias de distintos puntos de la provincia ser\u00e1n adjudicatarios de las unidades habitacionales del plan Mejor Vivir II, que constan de un dormitorio, cocina \u2013 comedor y ba\u00f1o.<\/p>\n<p>Posteriormente, los funcionarios se dirigieron a la obra de 20 viviendas del Plan M\u00e1s Cerca, que presenta un avance f\u00edsico del 40%. Las casas tendr\u00e1n dos dormitorios, cocina, estar \u2013 comedor, ba\u00f1o y lavadero externo.<\/p>\n<p>Durante la visita Alesanco fue consultado sobre el \u00edndice de morosidad que registra actualmente el IPV y destac\u00f3 que \u201cla gente todav\u00eda no termina de tomar conciencia de que este es un programa solidario. Lo que hacemos con el pago de su cuota es brindar a las familias que a\u00fan no tienen una vivienda la posibilidad de adquirirla.<\/p>\n<p>M\u00e1s all\u00e1 de eso estamos trabajando para bajar el \u00edndice de morosidad, sobre todo en el interior; pr\u00f3ximamente la cuota del IPV saldr\u00e1 con la boleta de EDESA, yo creo que de esa manera nos ayudar\u00e1 a bajar el \u00edndice de morosidad y nos permitir\u00e1 afrontar m\u00e1s obras con fondos propios\u201d, afirm\u00f3.<\/p>\n<p>El funcionario agreg\u00f3 que \u201cestamos trabajando para reducir d\u00e9ficit habitacional, tienen un intendente que se preocupa por las necesidades de sus habitantes y constantemente se dirige al IPV para buscar soluciones\u201d.<\/p>\n","protected":false},"excerpt":{"rendered":"<p>El titular del Instituto Provincial de Vivienda Fernando Alesanco firm\u00f3 en Chicoana un convenio para la construcci\u00f3n de 10 viviendas de un dormitorio pertenecientes al Programa Federal Mejor Vivir II.<\/p>\n","protected":false},"author":3,"featured_media":0,"comment_status":"closed","ping_status":"open","sticky":false,"template":"","format":"standard","meta":{"footnotes":""},"categories":[4],"tags":[],"_links":{"self":[{"href":"http:\/\/ipv.salta.gov.ar\/index.php?rest_route=\/wp\/v2\/posts\/4500"}],"collection":[{"href":"http:\/\/ipv.salta.gov.ar\/index.php?rest_route=\/wp\/v2\/posts"}],"about":[{"href":"http:\/\/ipv.salta.gov.ar\/index.php?rest_route=\/wp\/v2\/types\/post"}],"author":[{"embeddable":true,"href":"http:\/\/ipv.salta.gov.ar\/index.php?rest_route=\/wp\/v2\/users\/3"}],"replies":[{"embeddable":true,"href":"http:\/\/ipv.salta.gov.ar\/index.php?rest_route=%2Fwp%2Fv2%2Fcomments&post=4500"}],"version-history":[{"count":2,"href":"http:\/\/ipv.salta.gov.ar\/index.php?rest_route=\/wp\/v2\/posts\/4500\/revisions"}],"predecessor-version":[{"id":4503,"href":"http:\/\/ipv.salta.gov.ar\/index.php?rest_route=\/wp\/v2\/posts\/4500\/revisions\/4503"}],"wp:attachment":[{"href":"http:\/\/ipv.salta.gov.ar\/index.php?rest_route=%2Fwp%2Fv2%2Fmedia&parent=4500"}],"wp:term":[{"taxonomy":"category","embeddable":true,"href":"http:\/\/ipv.salta.gov.ar\/index.php?rest_route=%2Fwp%2Fv2%2Fcategories&post=4500"},{"taxonomy":"post_tag","embeddable":true,"href":"http:\/\/ipv.salta.gov.ar\/index.php?rest_route=%2Fwp%2Fv2%2Ftags&post=4500"}],"curies":[{"name":"wp","href":"https:\/\/api.w.org\/{rel}","templated":true}]}}