{"id":4520,"date":"2013-10-04T16:31:55","date_gmt":"2013-10-04T18:31:55","guid":{"rendered":"http:\/\/ipv.salta.gov.ar\/?p=4520"},"modified":"2013-10-07T09:36:39","modified_gmt":"2013-10-07T11:36:39","slug":"importante-frente-de-obras-habitacionales-ejecuta-el-ipv-en-embarcacion","status":"publish","type":"post","link":"http:\/\/ipv.salta.gov.ar\/?p=4520","title":{"rendered":"IMPORTANTE FRENTE DE OBRAS HABITACIONALES EJECUTA EL IPV EN EMBARCACI\u00d3N"},"content":{"rendered":"<p><strong><a href=\"http:\/\/ipv.salta.gov.ar\/wp-content\/uploads\/2013\/10\/conv-embarcacion.jpg\"><img decoding=\"async\" loading=\"lazy\" class=\"alignleft size-medium wp-image-4521\" alt=\"conv embarcacion\" src=\"http:\/\/ipv.salta.gov.ar\/wp-content\/uploads\/2013\/10\/conv-embarcacion-300x200.jpg\" width=\"300\" height=\"200\" srcset=\"http:\/\/ipv.salta.gov.ar\/wp-content\/uploads\/2013\/10\/conv-embarcacion-300x200.jpg 300w, http:\/\/ipv.salta.gov.ar\/wp-content\/uploads\/2013\/10\/conv-embarcacion-1024x682.jpg 1024w\" sizes=\"(max-width: 300px) 100vw, 300px\" \/><\/a>El presidente del organismo Fernando Alesanco, recorri\u00f3 en Embarcaci\u00f3n la obra de construcci\u00f3n de 100 viviendas y firm\u00f3 un nuevo convenio para le edificaci\u00f3n de soluciones habitacionales que beneficiar\u00e1n directamente a una comunidad aborigen de la zona.<\/strong><\/p>\n<p><!--more--><\/p>\n<p>El titular del IPV, Fernando Alesanco recorri\u00f3 obras de viviendas que se ejecutan en Embarcaci\u00f3n. Se reuni\u00f3 con el jefe comunal Alfredo Llaya con quien dialog\u00f3 sobre los trabajos en marcha y la planificaci\u00f3n para el pr\u00f3ximo a\u00f1o.<\/p>\n<p>Los funcionarios suscribieron un acuerdo para construir en una primera etapa 12 soluciones habitacionales, de un total de 24, pertenecientes al programa provincial \u00abRecuperaci\u00f3n\u00bb.  Las mismas estar\u00e1n ubicadas a pocos kil\u00f3metros del pueblo y favorecer\u00e1n a familias de una comunidad abor\u00edgen.<\/p>\n<p>Alesanco recorri\u00f3 la obra donde se encuentran emplazadas 100 viviendas que est\u00e1n en plena ejecuci\u00f3n. Las unidades habitacionales que tendr\u00e1n dos dormitorios, ba\u00f1o, cocina, estar &#8211; comedor y lavadero externo estar\u00e1n finalizadas a fin de a\u00f1o.<\/p>\n<p>El titular del IPV manifest\u00f3 que \u00abfue una semana donde tuve la oportunidad de visitar distintas localidades y verificar los avances de obras porque este gobierno no es indiferente a las necesidades de la gente y sabemos que la vivienda es prioritaria, por eso me reunir\u00e9 con cada intendente para que se cumplan los plazos de ejecuci\u00f3n y poder firmar nuevos convenios una vez que las obras finalicen\u00bb.<\/p>\n","protected":false},"excerpt":{"rendered":"<p>El presidente del organismo Fernando Alesanco, recorri\u00f3 en Embarcaci\u00f3n la obra de construcci\u00f3n de 100 viviendas y firm\u00f3 un nuevo convenio para le edificaci\u00f3n de soluciones habitacionales que beneficiar\u00e1n directamente a una comunidad aborigen de la zona.<\/p>\n","protected":false},"author":3,"featured_media":0,"comment_status":"closed","ping_status":"open","sticky":false,"template":"","format":"standard","meta":{"footnotes":""},"categories":[4],"tags":[],"_links":{"self":[{"href":"http:\/\/ipv.salta.gov.ar\/index.php?rest_route=\/wp\/v2\/posts\/4520"}],"collection":[{"href":"http:\/\/ipv.salta.gov.ar\/index.php?rest_route=\/wp\/v2\/posts"}],"about":[{"href":"http:\/\/ipv.salta.gov.ar\/index.php?rest_route=\/wp\/v2\/types\/post"}],"author":[{"embeddable":true,"href":"http:\/\/ipv.salta.gov.ar\/index.php?rest_route=\/wp\/v2\/users\/3"}],"replies":[{"embeddable":true,"href":"http:\/\/ipv.salta.gov.ar\/index.php?rest_route=%2Fwp%2Fv2%2Fcomments&post=4520"}],"version-history":[{"count":1,"href":"http:\/\/ipv.salta.gov.ar\/index.php?rest_route=\/wp\/v2\/posts\/4520\/revisions"}],"predecessor-version":[{"id":4522,"href":"http:\/\/ipv.salta.gov.ar\/index.php?rest_route=\/wp\/v2\/posts\/4520\/revisions\/4522"}],"wp:attachment":[{"href":"http:\/\/ipv.salta.gov.ar\/index.php?rest_route=%2Fwp%2Fv2%2Fmedia&parent=4520"}],"wp:term":[{"taxonomy":"category","embeddable":true,"href":"http:\/\/ipv.salta.gov.ar\/index.php?rest_route=%2Fwp%2Fv2%2Fcategories&post=4520"},{"taxonomy":"post_tag","embeddable":true,"href":"http:\/\/ipv.salta.gov.ar\/index.php?rest_route=%2Fwp%2Fv2%2Ftags&post=4520"}],"curies":[{"name":"wp","href":"https:\/\/api.w.org\/{rel}","templated":true}]}}