{"id":4523,"date":"2013-10-07T14:36:09","date_gmt":"2013-10-07T16:36:09","guid":{"rendered":"http:\/\/ipv.salta.gov.ar\/?p=4523"},"modified":"2013-10-07T14:36:09","modified_gmt":"2013-10-07T16:36:09","slug":"el-gobernador-urtubey-continua-inaugurando-obras-en-el-norte-salteno","status":"publish","type":"post","link":"http:\/\/ipv.salta.gov.ar\/?p=4523","title":{"rendered":"EL GOBERNADOR URTUBEY CONTIN\u00daA INAUGURANDO OBRAS EN EL NORTE SALTE\u00d1O"},"content":{"rendered":"<p><strong><a href=\"http:\/\/ipv.salta.gov.ar\/wp-content\/uploads\/2013\/10\/AGUARAY.jpg\"><img decoding=\"async\" loading=\"lazy\" class=\"alignleft size-medium wp-image-4524\" alt=\"AGUARAY\" src=\"http:\/\/ipv.salta.gov.ar\/wp-content\/uploads\/2013\/10\/AGUARAY-300x140.jpg\" width=\"300\" height=\"140\" srcset=\"http:\/\/ipv.salta.gov.ar\/wp-content\/uploads\/2013\/10\/AGUARAY-300x140.jpg 300w, http:\/\/ipv.salta.gov.ar\/wp-content\/uploads\/2013\/10\/AGUARAY-1024x478.jpg 1024w, http:\/\/ipv.salta.gov.ar\/wp-content\/uploads\/2013\/10\/AGUARAY.jpg 1969w\" sizes=\"(max-width: 300px) 100vw, 300px\" \/><\/a>Continuar\u00e1 este mediod\u00eda en Tartagal con la inauguraci\u00f3n de la f\u00e1brica de \u00abMosaicos Tartagal\u00bb, En Aguaray, entregar\u00e1 viviendas e inaugurar\u00e1 una f\u00e1brica textil.<\/strong><\/p>\n<p><!--more--><\/p>\n<p>El gobernador Juan Manuel Urtubey inaugurar\u00e1 este mediod\u00eda en Tartagal, la f\u00e1brica de \u201cMosaicos Tartagal\u201d, acto previsto en el barrio Tom\u00e1s Rian. La empresa est\u00e1 integrada por miembros de la cooperativa R\u00edo Tartagal quienes aportaron el edificio y la mano de obra para la construcci\u00f3n del mismo, la finalidad del emprendimiento consiste en la fabricaci\u00f3n de mosaicos, baldosas y mesadas.<\/p>\n<p>Posteriormente, el Instituto Provincial de la Vivienda (IPV) entregar\u00e1 hoy en Aguaray 8 viviendas del Programa Federal de Viviendas \u201cTecho digno\u201d. El acto tambi\u00e9n ser\u00e1 encabezado por el Gobernador, desde las 14.<\/p>\n<p>Las casas pertenecen a una obra adicional a la construcci\u00f3n de las 38 viviendas que entreg\u00f3 la presidenta Cristina Fern\u00e1ndez en abril pasado. Las viviendas poseen estar-comedor, dos dormitorios, cocina, ba\u00f1o, lavadero eterno y cuentan con todos los servicios b\u00e1sicos.<\/p>\n<p>En el mismo acto, Urtubey inaugurar\u00e1 una f\u00e1brica social textil, emprendimiento laboral impulsado por el Ministerio de Trabajo de Salta.<\/p>\n","protected":false},"excerpt":{"rendered":"<p>Continuar\u00e1 este mediod\u00eda en Tartagal con la inauguraci\u00f3n de la f\u00e1brica de \u00abMosaicos Tartagal\u00bb, En Aguaray, entregar\u00e1 viviendas e inaugurar\u00e1 una f\u00e1brica textil.<\/p>\n","protected":false},"author":3,"featured_media":0,"comment_status":"closed","ping_status":"open","sticky":false,"template":"","format":"standard","meta":{"footnotes":""},"categories":[4],"tags":[],"_links":{"self":[{"href":"http:\/\/ipv.salta.gov.ar\/index.php?rest_route=\/wp\/v2\/posts\/4523"}],"collection":[{"href":"http:\/\/ipv.salta.gov.ar\/index.php?rest_route=\/wp\/v2\/posts"}],"about":[{"href":"http:\/\/ipv.salta.gov.ar\/index.php?rest_route=\/wp\/v2\/types\/post"}],"author":[{"embeddable":true,"href":"http:\/\/ipv.salta.gov.ar\/index.php?rest_route=\/wp\/v2\/users\/3"}],"replies":[{"embeddable":true,"href":"http:\/\/ipv.salta.gov.ar\/index.php?rest_route=%2Fwp%2Fv2%2Fcomments&post=4523"}],"version-history":[{"count":1,"href":"http:\/\/ipv.salta.gov.ar\/index.php?rest_route=\/wp\/v2\/posts\/4523\/revisions"}],"predecessor-version":[{"id":4525,"href":"http:\/\/ipv.salta.gov.ar\/index.php?rest_route=\/wp\/v2\/posts\/4523\/revisions\/4525"}],"wp:attachment":[{"href":"http:\/\/ipv.salta.gov.ar\/index.php?rest_route=%2Fwp%2Fv2%2Fmedia&parent=4523"}],"wp:term":[{"taxonomy":"category","embeddable":true,"href":"http:\/\/ipv.salta.gov.ar\/index.php?rest_route=%2Fwp%2Fv2%2Fcategories&post=4523"},{"taxonomy":"post_tag","embeddable":true,"href":"http:\/\/ipv.salta.gov.ar\/index.php?rest_route=%2Fwp%2Fv2%2Ftags&post=4523"}],"curies":[{"name":"wp","href":"https:\/\/api.w.org\/{rel}","templated":true}]}}