{"id":4532,"date":"2013-10-09T08:52:53","date_gmt":"2013-10-09T10:52:53","guid":{"rendered":"http:\/\/ipv.salta.gov.ar\/?p=4532"},"modified":"2013-10-09T08:52:53","modified_gmt":"2013-10-09T10:52:53","slug":"familias-de-oran-recibieron-sus-viviendas-y-escrituras-de-terrenos","status":"publish","type":"post","link":"http:\/\/ipv.salta.gov.ar\/?p=4532","title":{"rendered":"FAMILIAS DE OR\u00c1N RECIBIERON SUS VIVIENDAS Y ESCRITURAS DE TERRENOS"},"content":{"rendered":"<p style=\"text-align: justify;\"><strong><a href=\"http:\/\/ipv.salta.gov.ar\/wp-content\/uploads\/2013\/10\/web-gobentregaescrituras2-oran.jpg\"><img decoding=\"async\" loading=\"lazy\" class=\"alignleft size-medium wp-image-4533\" alt=\"web-gobentregaescrituras2-oran\" src=\"http:\/\/ipv.salta.gov.ar\/wp-content\/uploads\/2013\/10\/web-gobentregaescrituras2-oran-300x193.jpg\" width=\"300\" height=\"193\" srcset=\"http:\/\/ipv.salta.gov.ar\/wp-content\/uploads\/2013\/10\/web-gobentregaescrituras2-oran-300x193.jpg 300w, http:\/\/ipv.salta.gov.ar\/wp-content\/uploads\/2013\/10\/web-gobentregaescrituras2-oran.jpg 560w\" sizes=\"(max-width: 300px) 100vw, 300px\" \/><\/a>El gobernador Urtubey encabez\u00f3 el acto de entrega de las viviendas correspondientes al Sindicato de Trabajadores del Az\u00facar. En la oportunidad, recibieron sus escrituras otras 220 familias de los barrios El Milagro, Caballito, Estaci\u00f3n y Mataderos.<\/strong><\/p>\n<p style=\"text-align: justify;\"><!--more--><\/p>\n<p style=\"text-align: justify;\">El gobernador Juan Manuel Urtubey entreg\u00f3 esta tarde viviendas para cincuenta familias de San Ram\u00f3n de la Nueva Or\u00e1n que pertenecen al Sindicato de Trabajadores del Az\u00facar, urbanizaci\u00f3n que est\u00e1 ubicada sobre la ruta nacional 50. Este grupo habitacional est\u00e1 compuesto por otras cincuenta casas, que est\u00e1n actualmente en ejecuci\u00f3n a trav\u00e9s del Instituto Provincial de la Vivienda.<\/p>\n<p style=\"text-align: justify;\">El acto de entrega de las llaves y carpetas t\u00e9cnicas cont\u00f3 con la participaci\u00f3n de los nuevos propietarios, quienes agradecieron el beneficio de acceder a la titularidad de una vivienda. En los \u00faltimos a\u00f1os el Gobierno provincial increment\u00f3 el ritmo de construcci\u00f3n de nuevos grupos habitacionales, cifra que lleg\u00f3 a un r\u00e9cord en 2013.<\/p>\n<p style=\"text-align: justify;\">En este mismo acto se entregaron escrituras que aseguran la tenencia de sus terrenos a m\u00e1s de 220 familias de los barrios El Milagro, Caballito, Estaci\u00f3n y Mataderos. Este beneficio se concret\u00f3 a trav\u00e9s de la Unidad de Regularizaci\u00f3n Dominial del Gobierno de Salta.<\/p>\n<p style=\"text-align: justify;\">Tambi\u00e9n participaron del acto el intendente de Or\u00e1n Marcelo Lara Gros; el presidente del IPV, Fernando Alesanco; el coordinador de la Unidad de Regularizaci\u00f3n Dominial, el exdirector del Fondo de Reparaci\u00f3n Hist\u00f3rica, Rodolfo Urtubey, la diputada nacional Cristina Fiore y funcionarios judiciales con competencia juvenil.<\/p>\n","protected":false},"excerpt":{"rendered":"<p>El gobernador Urtubey encabez\u00f3 el acto de entrega de las viviendas correspondientes al Sindicato de Trabajadores del Az\u00facar. En la oportunidad, recibieron sus escrituras otras 220 familias de los barrios El Milagro, Caballito, Estaci\u00f3n y Mataderos.<\/p>\n","protected":false},"author":3,"featured_media":0,"comment_status":"closed","ping_status":"open","sticky":false,"template":"","format":"standard","meta":{"footnotes":""},"categories":[4],"tags":[],"_links":{"self":[{"href":"http:\/\/ipv.salta.gov.ar\/index.php?rest_route=\/wp\/v2\/posts\/4532"}],"collection":[{"href":"http:\/\/ipv.salta.gov.ar\/index.php?rest_route=\/wp\/v2\/posts"}],"about":[{"href":"http:\/\/ipv.salta.gov.ar\/index.php?rest_route=\/wp\/v2\/types\/post"}],"author":[{"embeddable":true,"href":"http:\/\/ipv.salta.gov.ar\/index.php?rest_route=\/wp\/v2\/users\/3"}],"replies":[{"embeddable":true,"href":"http:\/\/ipv.salta.gov.ar\/index.php?rest_route=%2Fwp%2Fv2%2Fcomments&post=4532"}],"version-history":[{"count":1,"href":"http:\/\/ipv.salta.gov.ar\/index.php?rest_route=\/wp\/v2\/posts\/4532\/revisions"}],"predecessor-version":[{"id":4534,"href":"http:\/\/ipv.salta.gov.ar\/index.php?rest_route=\/wp\/v2\/posts\/4532\/revisions\/4534"}],"wp:attachment":[{"href":"http:\/\/ipv.salta.gov.ar\/index.php?rest_route=%2Fwp%2Fv2%2Fmedia&parent=4532"}],"wp:term":[{"taxonomy":"category","embeddable":true,"href":"http:\/\/ipv.salta.gov.ar\/index.php?rest_route=%2Fwp%2Fv2%2Fcategories&post=4532"},{"taxonomy":"post_tag","embeddable":true,"href":"http:\/\/ipv.salta.gov.ar\/index.php?rest_route=%2Fwp%2Fv2%2Ftags&post=4532"}],"curies":[{"name":"wp","href":"https:\/\/api.w.org\/{rel}","templated":true}]}}