{"id":4535,"date":"2013-10-09T08:54:43","date_gmt":"2013-10-09T10:54:43","guid":{"rendered":"http:\/\/ipv.salta.gov.ar\/?p=4535"},"modified":"2013-10-09T08:54:43","modified_gmt":"2013-10-09T10:54:43","slug":"estamos-construyendo-muchas-mas-viviendas-que-a-lo-largo-de-toda-la-historia-de-salta-dijo-urtubey","status":"publish","type":"post","link":"http:\/\/ipv.salta.gov.ar\/?p=4535","title":{"rendered":"\u201cESTAMOS CONSTRUYENDO MUCHAS M\u00c1S VIVIENDAS QUE A LO LARGO DE TODA LA HISTORIA DE SALTA\u201d, DIJO URTUBEY"},"content":{"rendered":"<p style=\"text-align: justify;\"><strong><a href=\"http:\/\/ipv.salta.gov.ar\/wp-content\/uploads\/2013\/10\/web-gobentregaviviendasbcooperativapol3.jpg\"><img decoding=\"async\" loading=\"lazy\" class=\"alignleft size-medium wp-image-4536\" alt=\"web-gobentregaviviendasbcooperativapol3\" src=\"http:\/\/ipv.salta.gov.ar\/wp-content\/uploads\/2013\/10\/web-gobentregaviviendasbcooperativapol3-300x193.jpg\" width=\"300\" height=\"193\" srcset=\"http:\/\/ipv.salta.gov.ar\/wp-content\/uploads\/2013\/10\/web-gobentregaviviendasbcooperativapol3-300x193.jpg 300w, http:\/\/ipv.salta.gov.ar\/wp-content\/uploads\/2013\/10\/web-gobentregaviviendasbcooperativapol3.jpg 560w\" sizes=\"(max-width: 300px) 100vw, 300px\" \/><\/a>As\u00ed lo expres\u00f3 el Gobernador en el acto de entrega de 50 viviendas correspondientes a la Cooperativa Policial. El grupo habitacional consta de 200 casas, y est\u00e1 ubicado en la zona sudeste de la capital.<\/strong><\/p>\n<p style=\"text-align: justify;\"><!--more--><\/p>\n<p style=\"text-align: justify;\">El gobernador Juan Manuel Urtubey presidi\u00f3, esta tarde el acto de entrega de 50 en el barrio Cooperativa Policial, ubicadas en la zona sudeste de la capital.<\/p>\n<p style=\"text-align: justify;\">Las unidades habitacionales cuentan con estar-comedor, dos dormitorios, cocina, ba\u00f1o, lavadero externo y todos los servicios b\u00e1sicos para habitar la vivienda.<\/p>\n<p style=\"text-align: justify;\">El acto inici\u00f3 con las bendiciones de las viviendas a cargo del padre Horacio Rivadeneira. Posteriormente se entregaron las llaves y carpetas t\u00e9cnicas.<\/p>\n<p style=\"text-align: justify;\">\u201cHoy cada uno de ustedes le demuestran a otras personas que vali\u00f3 la pena esperar para tener la casa propia; en la medida que nosotros aprovechemos estas oportunidades va a empezar una nueva vida. Tener la vivienda propia es una oportunidad para que toda la familia pueda ser un poco m\u00e1s feliz, y para nosotros eso nos llena inmensamente de alegr\u00eda\u201d, les manifest\u00f3 el Gobernador a los nuevos adjudicatarios.<\/p>\n<p style=\"text-align: justify;\">Adem\u00e1s Urtubey expres\u00f3 que en los \u00faltimos a\u00f1os en la Provincia \u201cestamos construyendo muchas m\u00e1s viviendas que a lo largo de toda la historia de Salta\u201d.<\/p>\n<p style=\"text-align: justify;\">Crecimiento de la zona sudeste<\/p>\n<p style=\"text-align: justify;\">En la oportunidad el mandatario destac\u00f3 el avance que tuvo la zona sudeste de la capital \u201choy este lugar de la ciudad ha cambiado de una manera significativa, una zona que durante a\u00f1os estuvo postergada y de a poco la vamos transformando\u201d.<\/p>\n<p style=\"text-align: justify;\">Urtubey dijo tambi\u00e9n que \u201ccon la reciente inauguraci\u00f3n del hospital Papa Francisco, el m\u00e1s moderno de la Argentina, con toda la tecnolog\u00eda, los vecinos de este sector y zonas aleda\u00f1as van a poder contar con un servicio de excelencia\u201d.<\/p>\n<p style=\"text-align: justify;\">Finalmente agreg\u00f3 que entre todos los salte\u00f1os \u201cvamos a seguir trabajando para que podamos garantizar bienestar para todos los vecinos. Sigamos construyendo esa Salta que todos nos merecemos y que queremos. Que esta alegr\u00eda de hoy alimente nuestros corazones y entre todos podamos cada d\u00eda vivir un poco mejor\u201d.<\/p>\n<p style=\"text-align: justify;\">Cabe recordar que durante el mes de julio se entregaron 100 unidades habitacionales en ese barrio y con esta entrega solo restar\u00edan 50 viviendas para concluir con la totalidad del complejo habitacional, compuesto por 200 casas.<\/p>\n<p style=\"text-align: justify;\">El intendente capitalino, Miguel Isa indic\u00f3 que la entrega \u201ces un momento de alegr\u00eda porque tienen su propia casa, algo que todos anhelan y hoy es una realidad\u201d.<\/p>\n<p style=\"text-align: justify;\">\u201cGracias a una decisi\u00f3n pol\u00edtica de un Gobierno esta zona cambi\u00f3 much\u00edsimo y va tomando forma. Contamos con el hospital con la m\u00e1s alta tecnolog\u00eda. El camino que eligi\u00f3 el Gobernador Urtubey es trabajar todos los d\u00edas para que Salta este m\u00e1s linda y justa para todos los salte\u00f1os\u201d, asegur\u00f3 Isa.<\/p>\n<p style=\"text-align: justify;\">Finalizado el acto de entrega, el Gobernador junto a los vecinos realiz\u00f3 el corte de cintas y recorri\u00f3 las instalaciones de las viviendas.<\/p>\n<p style=\"text-align: justify;\">Participaron el representante del Gobierno de Salta ante Organismos Internacionales, Hern\u00e1n Cornejo, el presidente del Instituto Provincial de la Vivienda, Fernando Alesanco y el jefe de Gabinete Municipal, Roque Mascarello.<\/p>\n<p style=\"text-align: justify;\">Estuvieron presentes tambi\u00e9n el subjefe de la Polic\u00eda, \u00c1ngel Silvestre, el secretario de Obras P\u00fablicas, Sergio Zorpudes, el presidente de la Cooperativa de la Polic\u00eda de Salta (COPOSAL), Carlos Colque, secretarios del Ejecutivo Provincial, Municipal y vecinos de la zona.<\/p>\n","protected":false},"excerpt":{"rendered":"<p>As\u00ed lo expres\u00f3 el Gobernador en el acto de entrega de 50 viviendas correspondientes a la Cooperativa Policial. El grupo habitacional consta de 200 casas, y est\u00e1 ubicado en la zona sudeste de la capital.<\/p>\n","protected":false},"author":3,"featured_media":0,"comment_status":"closed","ping_status":"open","sticky":false,"template":"","format":"standard","meta":{"footnotes":""},"categories":[4],"tags":[],"_links":{"self":[{"href":"http:\/\/ipv.salta.gov.ar\/index.php?rest_route=\/wp\/v2\/posts\/4535"}],"collection":[{"href":"http:\/\/ipv.salta.gov.ar\/index.php?rest_route=\/wp\/v2\/posts"}],"about":[{"href":"http:\/\/ipv.salta.gov.ar\/index.php?rest_route=\/wp\/v2\/types\/post"}],"author":[{"embeddable":true,"href":"http:\/\/ipv.salta.gov.ar\/index.php?rest_route=\/wp\/v2\/users\/3"}],"replies":[{"embeddable":true,"href":"http:\/\/ipv.salta.gov.ar\/index.php?rest_route=%2Fwp%2Fv2%2Fcomments&post=4535"}],"version-history":[{"count":1,"href":"http:\/\/ipv.salta.gov.ar\/index.php?rest_route=\/wp\/v2\/posts\/4535\/revisions"}],"predecessor-version":[{"id":4537,"href":"http:\/\/ipv.salta.gov.ar\/index.php?rest_route=\/wp\/v2\/posts\/4535\/revisions\/4537"}],"wp:attachment":[{"href":"http:\/\/ipv.salta.gov.ar\/index.php?rest_route=%2Fwp%2Fv2%2Fmedia&parent=4535"}],"wp:term":[{"taxonomy":"category","embeddable":true,"href":"http:\/\/ipv.salta.gov.ar\/index.php?rest_route=%2Fwp%2Fv2%2Fcategories&post=4535"},{"taxonomy":"post_tag","embeddable":true,"href":"http:\/\/ipv.salta.gov.ar\/index.php?rest_route=%2Fwp%2Fv2%2Ftags&post=4535"}],"curies":[{"name":"wp","href":"https:\/\/api.w.org\/{rel}","templated":true}]}}