{"id":4538,"date":"2013-10-09T18:26:41","date_gmt":"2013-10-09T20:26:41","guid":{"rendered":"http:\/\/ipv.salta.gov.ar\/?p=4538"},"modified":"2013-10-10T10:27:22","modified_gmt":"2013-10-10T12:27:22","slug":"acondicionan-una-vivienda-especial-en-el-quebrachal","status":"publish","type":"post","link":"http:\/\/ipv.salta.gov.ar\/?p=4538","title":{"rendered":"ACONDICIONAN UNA VIVIENDA ESPECIAL EN EL QUEBRACHAL"},"content":{"rendered":"<p style=\"text-align: justify;\"><strong><a href=\"http:\/\/ipv.salta.gov.ar\/wp-content\/uploads\/2013\/10\/conv-quebrachal.jpg\"><img decoding=\"async\" loading=\"lazy\" class=\"alignleft size-medium wp-image-4539\" alt=\"conv-quebrachal\" src=\"http:\/\/ipv.salta.gov.ar\/wp-content\/uploads\/2013\/10\/conv-quebrachal-300x200.jpg\" width=\"300\" height=\"200\" srcset=\"http:\/\/ipv.salta.gov.ar\/wp-content\/uploads\/2013\/10\/conv-quebrachal-300x200.jpg 300w, http:\/\/ipv.salta.gov.ar\/wp-content\/uploads\/2013\/10\/conv-quebrachal-1024x682.jpg 1024w\" sizes=\"(max-width: 300px) 100vw, 300px\" \/><\/a>El IPV construir\u00e1 una habitaci\u00f3n totalmente equipada para un ni\u00f1o que padece leucemia y adem\u00e1s realizar\u00e1 un mejoramiento total de la vivienda existente.<\/strong><\/p>\n<p style=\"text-align: justify;\"><!--more--><\/p>\n<p style=\"text-align: justify;\">El presidente del Instituto Provincial de Vivienda, Fernando Alesanco recibi\u00f3 al intendente de El Quebrachal, Leonardo Garc\u00eda para concretar la firma de un convenio que beneficiar\u00e1 a Ever Fr\u00edas, un ni\u00f1o de dos a\u00f1os que padece leucemia.<\/p>\n<p style=\"text-align: justify;\">Los funcionarios rubricaron el acuerdo por la construcci\u00f3n de una habitaci\u00f3n totalmente equipada e higi\u00e9nica adaptada a las necesidades del menor y adem\u00e1s el IPV  realizar\u00e1 un mejoramiento total en la vivienda existente.<\/p>\n<p style=\"text-align: justify;\">La firma cont\u00f3 con la presencia de Ram\u00f3n Fr\u00edas padre de Ever quien se mostr\u00f3 agradecido por la soluci\u00f3n habitacional brindada, logrando de esta manera mejorar las condiciones de vida a su hijo y del c\u00edrculo familiar.<\/p>\n<p style=\"text-align: justify;\">Alesanco manifest\u00f3 que \u00abeste Gobierno trabaja incansablemente para  brindar una mejor calidad de vida a los salte\u00f1os. A trav\u00e9s de este beneficio destinado a la familia Frias, Ever podr\u00e1 llevar dignamente su enfermedad\u00bb.<\/p>\n<p style=\"text-align: justify;\">Por su parte, el jefe comunal se comprometi\u00f3 a comenzar lo m\u00e1s pronto posible con los trabajos de ejecuci\u00f3n de la habitaci\u00f3n  y reparaci\u00f3n de la vivienda existente.<\/p>\n","protected":false},"excerpt":{"rendered":"<p>El IPV construir\u00e1 una habitaci\u00f3n totalmente equipada para un ni\u00f1o que padece leucemia y adem\u00e1s realizar\u00e1 un mejoramiento total de la vivienda existente.<\/p>\n","protected":false},"author":3,"featured_media":0,"comment_status":"closed","ping_status":"open","sticky":false,"template":"","format":"standard","meta":{"footnotes":""},"categories":[4],"tags":[],"_links":{"self":[{"href":"http:\/\/ipv.salta.gov.ar\/index.php?rest_route=\/wp\/v2\/posts\/4538"}],"collection":[{"href":"http:\/\/ipv.salta.gov.ar\/index.php?rest_route=\/wp\/v2\/posts"}],"about":[{"href":"http:\/\/ipv.salta.gov.ar\/index.php?rest_route=\/wp\/v2\/types\/post"}],"author":[{"embeddable":true,"href":"http:\/\/ipv.salta.gov.ar\/index.php?rest_route=\/wp\/v2\/users\/3"}],"replies":[{"embeddable":true,"href":"http:\/\/ipv.salta.gov.ar\/index.php?rest_route=%2Fwp%2Fv2%2Fcomments&post=4538"}],"version-history":[{"count":2,"href":"http:\/\/ipv.salta.gov.ar\/index.php?rest_route=\/wp\/v2\/posts\/4538\/revisions"}],"predecessor-version":[{"id":4541,"href":"http:\/\/ipv.salta.gov.ar\/index.php?rest_route=\/wp\/v2\/posts\/4538\/revisions\/4541"}],"wp:attachment":[{"href":"http:\/\/ipv.salta.gov.ar\/index.php?rest_route=%2Fwp%2Fv2%2Fmedia&parent=4538"}],"wp:term":[{"taxonomy":"category","embeddable":true,"href":"http:\/\/ipv.salta.gov.ar\/index.php?rest_route=%2Fwp%2Fv2%2Fcategories&post=4538"},{"taxonomy":"post_tag","embeddable":true,"href":"http:\/\/ipv.salta.gov.ar\/index.php?rest_route=%2Fwp%2Fv2%2Ftags&post=4538"}],"curies":[{"name":"wp","href":"https:\/\/api.w.org\/{rel}","templated":true}]}}