{"id":4550,"date":"2013-10-12T11:07:03","date_gmt":"2013-10-12T13:07:03","guid":{"rendered":"http:\/\/ipv.salta.gov.ar\/?p=4550"},"modified":"2013-10-23T11:10:54","modified_gmt":"2013-10-23T13:10:54","slug":"el-ipv-ejecutara-mas-viviendas-en-el-municipio-tartagal","status":"publish","type":"post","link":"http:\/\/ipv.salta.gov.ar\/?p=4550","title":{"rendered":"EL IPV EJECUTAR\u00c1 M\u00c1S VIVIENDAS EN EL MUNICIPIO TARTAGAL"},"content":{"rendered":"<p style=\"text-align: justify;\"><strong><a href=\"http:\/\/ipv.salta.gov.ar\/wp-content\/uploads\/2013\/10\/conv_tartagal.jpg\"><img decoding=\"async\" loading=\"lazy\" class=\"alignleft size-medium wp-image-4551\" alt=\"conv_tartagal\" src=\"http:\/\/ipv.salta.gov.ar\/wp-content\/uploads\/2013\/10\/conv_tartagal-300x200.jpg\" width=\"300\" height=\"200\" srcset=\"http:\/\/ipv.salta.gov.ar\/wp-content\/uploads\/2013\/10\/conv_tartagal-300x200.jpg 300w, http:\/\/ipv.salta.gov.ar\/wp-content\/uploads\/2013\/10\/conv_tartagal-1024x682.jpg 1024w\" sizes=\"(max-width: 300px) 100vw, 300px\" \/><\/a>Pertenecen al Programa Provincial Mi Casa y estar\u00e1n destinadas a familias de escasos recursos.<\/strong><\/p>\n<p style=\"text-align: justify;\"><!--more--><\/p>\n<p style=\"text-align: justify;\">El Presidente del Instituto Provincial de Vivienda, Fernando Alesanco rubric\u00f3 un convenio con el intendente de Tartagal, Sergio Leavy para la construcci\u00f3n de 16 nuevas viviendas destinadas a los pobladores del municipio Tartagal.<\/p>\n<p style=\"text-align: justify;\">Las viviendas  pertenecen al Programa Provincial Mi Casa y estar\u00e1n destinadas a familias de escasos recursos que por sus ingresos no pueden acceder a los planes tradicionales del FONAVI. Las familias beneficiarias deber\u00e1n contar con un terreno propio que posea los servicios b\u00e1sicos.<\/p>\n<p style=\"text-align: justify;\">El IPV realizar\u00e1 una inversi\u00f3n de $1.191.072, mientras que el municipio deber\u00e1 llevar adelante la ejecuci\u00f3n de los trabajos y adem\u00e1s supervisar que los plazos de obra se cumplan.<\/p>\n<p style=\"text-align: justify;\">Alesanco recalc\u00f3 el trabajo que se viene realizando en el municipio y puntualiz\u00f3 que \u201cse encuentran en ejecuci\u00f3n cuatro viviendas de un dormitorio con avance del 90%, adem\u00e1s de las viviendas para comunidades abor\u00edgenes. Por otra parte, recientemente se firm\u00f3 un convenio para la construcci\u00f3n de 150 viviendas del Programa Federal Mejor vivir II\u201d.<\/p>\n","protected":false},"excerpt":{"rendered":"<p>Pertenecen al Programa Provincial Mi Casa y estar\u00e1n destinadas a familias de escasos recursos.<\/p>\n","protected":false},"author":3,"featured_media":0,"comment_status":"closed","ping_status":"open","sticky":false,"template":"","format":"standard","meta":{"footnotes":""},"categories":[4],"tags":[],"_links":{"self":[{"href":"http:\/\/ipv.salta.gov.ar\/index.php?rest_route=\/wp\/v2\/posts\/4550"}],"collection":[{"href":"http:\/\/ipv.salta.gov.ar\/index.php?rest_route=\/wp\/v2\/posts"}],"about":[{"href":"http:\/\/ipv.salta.gov.ar\/index.php?rest_route=\/wp\/v2\/types\/post"}],"author":[{"embeddable":true,"href":"http:\/\/ipv.salta.gov.ar\/index.php?rest_route=\/wp\/v2\/users\/3"}],"replies":[{"embeddable":true,"href":"http:\/\/ipv.salta.gov.ar\/index.php?rest_route=%2Fwp%2Fv2%2Fcomments&post=4550"}],"version-history":[{"count":2,"href":"http:\/\/ipv.salta.gov.ar\/index.php?rest_route=\/wp\/v2\/posts\/4550\/revisions"}],"predecessor-version":[{"id":4553,"href":"http:\/\/ipv.salta.gov.ar\/index.php?rest_route=\/wp\/v2\/posts\/4550\/revisions\/4553"}],"wp:attachment":[{"href":"http:\/\/ipv.salta.gov.ar\/index.php?rest_route=%2Fwp%2Fv2%2Fmedia&parent=4550"}],"wp:term":[{"taxonomy":"category","embeddable":true,"href":"http:\/\/ipv.salta.gov.ar\/index.php?rest_route=%2Fwp%2Fv2%2Fcategories&post=4550"},{"taxonomy":"post_tag","embeddable":true,"href":"http:\/\/ipv.salta.gov.ar\/index.php?rest_route=%2Fwp%2Fv2%2Ftags&post=4550"}],"curies":[{"name":"wp","href":"https:\/\/api.w.org\/{rel}","templated":true}]}}