{"id":4562,"date":"2013-10-25T14:07:25","date_gmt":"2013-10-25T16:07:25","guid":{"rendered":"http:\/\/ipv.salta.gov.ar\/?p=4562"},"modified":"2013-10-28T09:11:08","modified_gmt":"2013-10-28T11:11:08","slug":"construiran-26-nuevas-viviendas-en-el-carril","status":"publish","type":"post","link":"http:\/\/ipv.salta.gov.ar\/?p=4562","title":{"rendered":"CONSTRUIR\u00c1N 26 NUEVAS VIVIENDAS EN EL CARRIL"},"content":{"rendered":"<p style=\"text-align: justify;\"><strong><a href=\"http:\/\/ipv.salta.gov.ar\/wp-content\/uploads\/2013\/10\/conv-el-carril.jpg\"><img decoding=\"async\" loading=\"lazy\" class=\"alignleft size-medium wp-image-4564\" alt=\"conv el carril\" src=\"http:\/\/ipv.salta.gov.ar\/wp-content\/uploads\/2013\/10\/conv-el-carril-300x225.jpg\" width=\"300\" height=\"225\" srcset=\"http:\/\/ipv.salta.gov.ar\/wp-content\/uploads\/2013\/10\/conv-el-carril-300x225.jpg 300w, http:\/\/ipv.salta.gov.ar\/wp-content\/uploads\/2013\/10\/conv-el-carril.jpg 512w\" sizes=\"(max-width: 300px) 100vw, 300px\" \/><\/a>Corresponden al Programa Provincial \u201cMi Casa\u201d y se ejecutar\u00e1n en dos etapas.<\/strong><\/p>\n<p style=\"text-align: justify;\"><!--more--><\/p>\n<p style=\"text-align: justify;\">El presidente del Instituto Provincial de Vivienda, Fernando Alesanco, se reuni\u00f3 con el intendente de El Carril,  Esteban D\u2019Andrea para firmar un acuerdo para la construcci\u00f3n de 26 nuevas viviendas destinadas a los residentes de dicho municipio.<\/p>\n<p style=\"text-align: justify;\">Las  viviendas pertenecen al Programa Provincial \u201cMi Casa\u201d y se ejecutar\u00e1n en dos etapas de 13 unidades cada una. Al finalizar con la construcci\u00f3n del primer sector, se dar\u00e1 inicio al resto de las unidades.<\/p>\n<p style=\"text-align: justify;\">El programa est\u00e1 destinado a las familias que cuenten con terreno propio, con servicios y que por sus ingresos no pueden acceder a los planes tradicionales del FONAVI.<\/p>\n<p style=\"text-align: justify;\">En esta obra la Provincia invertir\u00e1 $ 3.642.522, mientras que el municipio deber\u00e1 encargarse de llevar adelante la direcci\u00f3n t\u00e9cnica, mano de  obra, materiales y tambi\u00e9n de verificar la correcta ejecuci\u00f3n de los trabajos.<\/p>\n<p style=\"text-align: justify;\">Alesanco recalc\u00f3 la importancia de seguir trabajando de forma mancomunada con los municipios y record\u00f3 que en la localidad est\u00e1 pr\u00f3xima a iniciar la construcci\u00f3n de 15 soluciones habitacionales del Programa Recuperaci\u00f3n.<\/p>\n","protected":false},"excerpt":{"rendered":"<p>Corresponden al Programa Provincial \u201cMi Casa\u201d y se ejecutar\u00e1n en dos etapas.<\/p>\n","protected":false},"author":3,"featured_media":0,"comment_status":"closed","ping_status":"open","sticky":false,"template":"","format":"standard","meta":{"footnotes":""},"categories":[4],"tags":[],"_links":{"self":[{"href":"http:\/\/ipv.salta.gov.ar\/index.php?rest_route=\/wp\/v2\/posts\/4562"}],"collection":[{"href":"http:\/\/ipv.salta.gov.ar\/index.php?rest_route=\/wp\/v2\/posts"}],"about":[{"href":"http:\/\/ipv.salta.gov.ar\/index.php?rest_route=\/wp\/v2\/types\/post"}],"author":[{"embeddable":true,"href":"http:\/\/ipv.salta.gov.ar\/index.php?rest_route=\/wp\/v2\/users\/3"}],"replies":[{"embeddable":true,"href":"http:\/\/ipv.salta.gov.ar\/index.php?rest_route=%2Fwp%2Fv2%2Fcomments&post=4562"}],"version-history":[{"count":1,"href":"http:\/\/ipv.salta.gov.ar\/index.php?rest_route=\/wp\/v2\/posts\/4562\/revisions"}],"predecessor-version":[{"id":4565,"href":"http:\/\/ipv.salta.gov.ar\/index.php?rest_route=\/wp\/v2\/posts\/4562\/revisions\/4565"}],"wp:attachment":[{"href":"http:\/\/ipv.salta.gov.ar\/index.php?rest_route=%2Fwp%2Fv2%2Fmedia&parent=4562"}],"wp:term":[{"taxonomy":"category","embeddable":true,"href":"http:\/\/ipv.salta.gov.ar\/index.php?rest_route=%2Fwp%2Fv2%2Fcategories&post=4562"},{"taxonomy":"post_tag","embeddable":true,"href":"http:\/\/ipv.salta.gov.ar\/index.php?rest_route=%2Fwp%2Fv2%2Ftags&post=4562"}],"curies":[{"name":"wp","href":"https:\/\/api.w.org\/{rel}","templated":true}]}}