{"id":4566,"date":"2013-10-28T09:13:05","date_gmt":"2013-10-28T11:13:05","guid":{"rendered":"http:\/\/ipv.salta.gov.ar\/?p=4566"},"modified":"2013-10-28T09:13:05","modified_gmt":"2013-10-28T11:13:05","slug":"se-construiran-81-viviendas-en-el-municipio-de-oran","status":"publish","type":"post","link":"http:\/\/ipv.salta.gov.ar\/?p=4566","title":{"rendered":"SE CONSTRUIR\u00c1N 81 VIVIENDAS EN EL MUNICIPIO DE OR\u00c1N"},"content":{"rendered":"<p style=\"text-align: justify;\"><strong><a href=\"http:\/\/ipv.salta.gov.ar\/wp-content\/uploads\/2013\/10\/alesanco_-_lara_gross_1.jpg\"><img decoding=\"async\" loading=\"lazy\" class=\"alignleft size-medium wp-image-4567\" alt=\"alesanco_-_lara_gross_(1)\" src=\"http:\/\/ipv.salta.gov.ar\/wp-content\/uploads\/2013\/10\/alesanco_-_lara_gross_1-300x224.jpg\" width=\"300\" height=\"224\" srcset=\"http:\/\/ipv.salta.gov.ar\/wp-content\/uploads\/2013\/10\/alesanco_-_lara_gross_1-300x224.jpg 300w, http:\/\/ipv.salta.gov.ar\/wp-content\/uploads\/2013\/10\/alesanco_-_lara_gross_1.jpg 448w\" sizes=\"(max-width: 300px) 100vw, 300px\" \/><\/a>Pertenecen a las 1.022 viviendas que se construir\u00e1n en distintos puntos de la provincia, sum\u00e1ndose a las 440 que ya se est\u00e1n construyendo en las localidades de General G\u00fcemes, Campo Santo y Atocha.<\/strong><\/p>\n<p style=\"text-align: justify;\"><!--more--><\/p>\n<p style=\"text-align: justify;\">El titular del Instituto Provincial de Vivienda (IPV), Fernando Alessanco, el Intendente de Or\u00e1n Marcelo Lara Gross y el equipo encargado de la construcci\u00f3n de 81 unidades habitacionales recorrieron el terreno donde se levantar\u00e1n las casas del programa nacional Techo digno.<\/p>\n<p>Alesanco destac\u00f3 la importancia de la obra ya que se beneficiar\u00e1 aproximadamente a 320 personas con la construcci\u00f3n de estas viviendas en la localidad de Oran. Las casas contar\u00e1n con estar-comedor, dos dormitorios, cocina, ba\u00f1o y lavadero externo.<\/p>\n","protected":false},"excerpt":{"rendered":"<p>Pertenecen a las 1.022 viviendas que se construir\u00e1n en distintos puntos de la provincia, sum\u00e1ndose a las 440 que ya se est\u00e1n construyendo en las localidades de General G\u00fcemes, Campo Santo y Atocha.<\/p>\n","protected":false},"author":3,"featured_media":0,"comment_status":"closed","ping_status":"open","sticky":false,"template":"","format":"standard","meta":{"footnotes":""},"categories":[4],"tags":[],"_links":{"self":[{"href":"http:\/\/ipv.salta.gov.ar\/index.php?rest_route=\/wp\/v2\/posts\/4566"}],"collection":[{"href":"http:\/\/ipv.salta.gov.ar\/index.php?rest_route=\/wp\/v2\/posts"}],"about":[{"href":"http:\/\/ipv.salta.gov.ar\/index.php?rest_route=\/wp\/v2\/types\/post"}],"author":[{"embeddable":true,"href":"http:\/\/ipv.salta.gov.ar\/index.php?rest_route=\/wp\/v2\/users\/3"}],"replies":[{"embeddable":true,"href":"http:\/\/ipv.salta.gov.ar\/index.php?rest_route=%2Fwp%2Fv2%2Fcomments&post=4566"}],"version-history":[{"count":1,"href":"http:\/\/ipv.salta.gov.ar\/index.php?rest_route=\/wp\/v2\/posts\/4566\/revisions"}],"predecessor-version":[{"id":4568,"href":"http:\/\/ipv.salta.gov.ar\/index.php?rest_route=\/wp\/v2\/posts\/4566\/revisions\/4568"}],"wp:attachment":[{"href":"http:\/\/ipv.salta.gov.ar\/index.php?rest_route=%2Fwp%2Fv2%2Fmedia&parent=4566"}],"wp:term":[{"taxonomy":"category","embeddable":true,"href":"http:\/\/ipv.salta.gov.ar\/index.php?rest_route=%2Fwp%2Fv2%2Fcategories&post=4566"},{"taxonomy":"post_tag","embeddable":true,"href":"http:\/\/ipv.salta.gov.ar\/index.php?rest_route=%2Fwp%2Fv2%2Ftags&post=4566"}],"curies":[{"name":"wp","href":"https:\/\/api.w.org\/{rel}","templated":true}]}}