{"id":4573,"date":"2013-11-04T09:42:39","date_gmt":"2013-11-04T11:42:39","guid":{"rendered":"http:\/\/ipv.salta.gov.ar\/?p=4573"},"modified":"2013-11-04T09:42:39","modified_gmt":"2013-11-04T11:42:39","slug":"salta-nuevamente-premiada-en-el-concurso-nacional-de-escuelas-tecnicas","status":"publish","type":"post","link":"http:\/\/ipv.salta.gov.ar\/?p=4573","title":{"rendered":"SALTA NUEVAMENTE PREMIADA EN EL CONCURSO NACIONAL DE ESCUELAS T\u00c9CNICAS"},"content":{"rendered":"<p style=\"text-align: justify;\"><strong>Del certamen participaron 780 alumnos de 85 escuelas t\u00e9cnicas de todo el pa\u00eds. Salta estuvo representada por alumnos de la Escuela Juana Azurduy de Padilla.<\/strong><\/p>\n<p style=\"text-align: justify;\"><!--more--><\/p>\n<p style=\"text-align: justify;\">De la mano de la Escuela de Educaci\u00f3n T\u00e9cnica N\u00ba  3.107 Juana Azurduy de Padilla, Salta fue clasificada entre los 10 mejores trabajos del pa\u00eds en el 3\u00ba Concurso Nacional de Escuelas T\u00e9cnicas, organizado por la Subsecretar\u00eda de Desarrollo Urbano y Vivienda de la Naci\u00f3n, el Consejo Nacional de la Vivienda y el Instituto Nacional de Educaci\u00f3n Tecnol\u00f3gica.<\/p>\n<p>El presidente del Instituto Provincial de Vivienda, Fernando Alesanco particip\u00f3 del acto de entrega de premios del tercer Concurso Nacional de Escuelas T\u00e9cnicas que se desarroll\u00f3 en el predio de Tecn\u00f3polis, Ciudad de Buenos Aires y fue encabezado por el Subsecretario de Desarrollo Urbano y Vivienda, Germ\u00e1n Nivello y el director Ejecutivo del Instituto Nacional de Educaci\u00f3n Tecnol\u00f3gica, Eduardo Aragundi. En el mismo acto Salta fue precalificada en segundo lugar en la Regi\u00f3n NOA.<\/p>\n<p>Del certamen participaron 780 alumnos de 85 escuelas t\u00e9cnicas de todo el pa\u00eds. En esta tercera edici\u00f3n, los estudiantes, futuros maestros mayores de obra, conformados por Ivana Moya, Cristian G\u00f3mez, Gabriel Ca\u00f1izares y Oscar Mart\u00ednez Lares con el seud\u00f3nimo Amanecer, la arquitecta Maria Esther Cruz como asesora y la directora del establecimiento Silvina P\u00e9rez, debieron presentar un proyecto de vivienda de inter\u00e9s social, con \u00e9nfasis en la sustentabilidad, la accesibilidad universal y la programaci\u00f3n de su plan de mantenimiento. De la propuesta surge un estudio original de la envolvente con una mejora en sus aislaciones t\u00e9rmicas, estudio de orientaci\u00f3n  y declinaci\u00f3n solar que genera un ahorro en el gasto de energ\u00eda y en consecuencia de la emisi\u00f3n de di\u00f3xido de carbono al que genera una econom\u00eda en gasto de recurso del usuario y de combustible f\u00f3siles.<\/p>\n<p>El trabajo presentado por los alumnos salte\u00f1os fue preclasificado en el segundo lugar en el la Regi\u00f3n NOA  y de esta manera el Colegio revalida la participaci\u00f3n ya que en 2011 fue clasificado en el segundo puesto a nivel nacional.<\/p>\n<p>Mientras que la Escuela T\u00e9cnica N\u00ba 1 de Formosa obtuvo el primer puesto  del certamen y el segundo lugar qued\u00f3 en manos de la Escuela T\u00e9cnica N\u00ba 1 de Catamarca.<\/p>\n<p>Por otra parte, Alesanco decidi\u00f3 premiar a los 4 alumnos en nombre del Gobierno Provincial, otorg\u00e1ndoles una pr\u00e1ctica profesional en el IPV como incentivo por los m\u00e9ritos alcanzados y para que adquieran experiencia y conocimiento acerca del trabajo diario.<\/p>\n<p>El concurso es organizado por el Ministerio de Planificaci\u00f3n Federal Inversi\u00f3n P\u00fablica y Servicios, a trav\u00e9s de la Secretar\u00eda de Obras P\u00fablicas, Subsecretar\u00eda de Desarrollo Urbano y Vivienda de la Naci\u00f3n, y por el Ministerio de Educaci\u00f3n de la Naci\u00f3n, Instituto Nacional de Educaci\u00f3n Tecnol\u00f3gica, y el Consejo Nacional de la Vivienda.  Cuenta con el auspicio de la C\u00e1mara Argentina de la Construcci\u00f3n y la UOCRA.<\/p>\n<p>Los jurados, integrados por profesionales reconocidos del rubro, entre ellos Hugo Courtade agente del IPV Salta, evaluaron los proyectos destacando en su fallo el compromiso de los j\u00f3venes, la calidad de los trabajos y las propuestas innovadoras en cuanto a eficiencia energ\u00e9tica, la b\u00fasqueda de nuevas tecnolog\u00edas y el dise\u00f1o para la accesibilidad universal.<\/p>\n","protected":false},"excerpt":{"rendered":"<p>Del certamen participaron 780 alumnos de 85 escuelas t\u00e9cnicas de todo el pa\u00eds. Salta estuvo representada por alumnos de la Escuela Juana Azurduy de Padilla.<\/p>\n","protected":false},"author":3,"featured_media":0,"comment_status":"closed","ping_status":"open","sticky":false,"template":"","format":"standard","meta":{"footnotes":""},"categories":[4],"tags":[],"_links":{"self":[{"href":"http:\/\/ipv.salta.gov.ar\/index.php?rest_route=\/wp\/v2\/posts\/4573"}],"collection":[{"href":"http:\/\/ipv.salta.gov.ar\/index.php?rest_route=\/wp\/v2\/posts"}],"about":[{"href":"http:\/\/ipv.salta.gov.ar\/index.php?rest_route=\/wp\/v2\/types\/post"}],"author":[{"embeddable":true,"href":"http:\/\/ipv.salta.gov.ar\/index.php?rest_route=\/wp\/v2\/users\/3"}],"replies":[{"embeddable":true,"href":"http:\/\/ipv.salta.gov.ar\/index.php?rest_route=%2Fwp%2Fv2%2Fcomments&post=4573"}],"version-history":[{"count":1,"href":"http:\/\/ipv.salta.gov.ar\/index.php?rest_route=\/wp\/v2\/posts\/4573\/revisions"}],"predecessor-version":[{"id":4574,"href":"http:\/\/ipv.salta.gov.ar\/index.php?rest_route=\/wp\/v2\/posts\/4573\/revisions\/4574"}],"wp:attachment":[{"href":"http:\/\/ipv.salta.gov.ar\/index.php?rest_route=%2Fwp%2Fv2%2Fmedia&parent=4573"}],"wp:term":[{"taxonomy":"category","embeddable":true,"href":"http:\/\/ipv.salta.gov.ar\/index.php?rest_route=%2Fwp%2Fv2%2Fcategories&post=4573"},{"taxonomy":"post_tag","embeddable":true,"href":"http:\/\/ipv.salta.gov.ar\/index.php?rest_route=%2Fwp%2Fv2%2Ftags&post=4573"}],"curies":[{"name":"wp","href":"https:\/\/api.w.org\/{rel}","templated":true}]}}