{"id":4584,"date":"2013-11-07T08:55:27","date_gmt":"2013-11-07T10:55:27","guid":{"rendered":"http:\/\/ipv.salta.gov.ar\/?p=4584"},"modified":"2013-11-07T08:55:27","modified_gmt":"2013-11-07T10:55:27","slug":"rosario-de-la-frontera-se-beneficio-con-nuevas-viviendas","status":"publish","type":"post","link":"http:\/\/ipv.salta.gov.ar\/?p=4584","title":{"rendered":"ROSARIO DE LA FRONTERA SE BENEFICI\u00d3 CON NUEVAS VIVIENDAS"},"content":{"rendered":"<p style=\"text-align: justify;\"><strong><a href=\"http:\/\/ipv.salta.gov.ar\/wp-content\/uploads\/2013\/11\/IMG_9915.jpg\"><img decoding=\"async\" loading=\"lazy\" class=\"alignleft size-medium wp-image-4585\" alt=\"IMG_9915\" src=\"http:\/\/ipv.salta.gov.ar\/wp-content\/uploads\/2013\/11\/IMG_9915-300x200.jpg\" width=\"300\" height=\"200\" srcset=\"http:\/\/ipv.salta.gov.ar\/wp-content\/uploads\/2013\/11\/IMG_9915-300x200.jpg 300w, http:\/\/ipv.salta.gov.ar\/wp-content\/uploads\/2013\/11\/IMG_9915-1024x682.jpg 1024w\" sizes=\"(max-width: 300px) 100vw, 300px\" \/><\/a>El IPV construir\u00e1 14 viviendas correspondientes al programa Mejor Vivir II, destinadas a familias de escasos recursos.<\/strong><\/p>\n<p style=\"text-align: justify;\"><!--more--><\/p>\n<p style=\"text-align: justify;\">El programa federal \u201cMejor Vivir II\u201d a trav\u00e9s del Instituto Provincial de Vivienda posibilit\u00f3 a municipios de la Provincia construir viviendas destinadas a familias de escasos recursos econ\u00f3micos y de esta manera no s\u00f3lo reducir el d\u00e9ficit habitacional sino tambi\u00e9n brindar puestos de trabajo.<\/p>\n<p style=\"text-align: justify;\">En este marco, el titular del IPV Fernando Alesanco rubric\u00f3 un convenio con la intendente de Rosario de la Frontera, R\u00f3mula G\u00f3mez de Montero en la sedes comunal, para la construcci\u00f3n de 14 viviendas pertenecientes al programa \u201cMejor Vivir II\u201d.<\/p>\n<p style=\"text-align: justify;\">Durante la firma del acuerdo, los funcionarios dialogaron sobre las obras habitacionales que se encuentran en ejecuci\u00f3n en esa localidad y acordaron continuar con la metodolog\u00eda de convenios que se vienen llevando a cabo y que tienen resultados satisfactorios porque se les puede dar una soluci\u00f3n inmediata a las familias m\u00e1s necesitadas.<\/p>\n<p style=\"text-align: justify;\">Posteriormente, Alesanco realiz\u00f3 un recorrido de obras por el departamento del sur provincial.<\/p>\n","protected":false},"excerpt":{"rendered":"<p>El IPV construir\u00e1 14 viviendas correspondientes al programa Mejor Vivir II, destinadas a familias de escasos recursos.<\/p>\n","protected":false},"author":3,"featured_media":0,"comment_status":"closed","ping_status":"open","sticky":false,"template":"","format":"standard","meta":{"footnotes":""},"categories":[4],"tags":[],"_links":{"self":[{"href":"http:\/\/ipv.salta.gov.ar\/index.php?rest_route=\/wp\/v2\/posts\/4584"}],"collection":[{"href":"http:\/\/ipv.salta.gov.ar\/index.php?rest_route=\/wp\/v2\/posts"}],"about":[{"href":"http:\/\/ipv.salta.gov.ar\/index.php?rest_route=\/wp\/v2\/types\/post"}],"author":[{"embeddable":true,"href":"http:\/\/ipv.salta.gov.ar\/index.php?rest_route=\/wp\/v2\/users\/3"}],"replies":[{"embeddable":true,"href":"http:\/\/ipv.salta.gov.ar\/index.php?rest_route=%2Fwp%2Fv2%2Fcomments&post=4584"}],"version-history":[{"count":1,"href":"http:\/\/ipv.salta.gov.ar\/index.php?rest_route=\/wp\/v2\/posts\/4584\/revisions"}],"predecessor-version":[{"id":4586,"href":"http:\/\/ipv.salta.gov.ar\/index.php?rest_route=\/wp\/v2\/posts\/4584\/revisions\/4586"}],"wp:attachment":[{"href":"http:\/\/ipv.salta.gov.ar\/index.php?rest_route=%2Fwp%2Fv2%2Fmedia&parent=4584"}],"wp:term":[{"taxonomy":"category","embeddable":true,"href":"http:\/\/ipv.salta.gov.ar\/index.php?rest_route=%2Fwp%2Fv2%2Fcategories&post=4584"},{"taxonomy":"post_tag","embeddable":true,"href":"http:\/\/ipv.salta.gov.ar\/index.php?rest_route=%2Fwp%2Fv2%2Ftags&post=4584"}],"curies":[{"name":"wp","href":"https:\/\/api.w.org\/{rel}","templated":true}]}}