{"id":4587,"date":"2013-11-08T09:01:42","date_gmt":"2013-11-08T11:01:42","guid":{"rendered":"http:\/\/ipv.salta.gov.ar\/?p=4587"},"modified":"2013-11-08T09:01:42","modified_gmt":"2013-11-08T11:01:42","slug":"el-ipv-entrego-una-vivienda-a-la-familia-que-sufrio-un-incendio","status":"publish","type":"post","link":"http:\/\/ipv.salta.gov.ar\/?p=4587","title":{"rendered":"EL IPV ENTREG\u00d3 UNA VIVIENDA A LA FAMILIA QUE SUFRI\u00d3 UN INCENDIO"},"content":{"rendered":"<p style=\"text-align: justify;\"><strong><a href=\"http:\/\/ipv.salta.gov.ar\/wp-content\/uploads\/2013\/11\/ipv-flia-veron.jpg\"><img decoding=\"async\" loading=\"lazy\" class=\"alignleft size-medium wp-image-4588\" alt=\"ipv-flia veron\" src=\"http:\/\/ipv.salta.gov.ar\/wp-content\/uploads\/2013\/11\/ipv-flia-veron-300x200.jpg\" width=\"300\" height=\"200\" srcset=\"http:\/\/ipv.salta.gov.ar\/wp-content\/uploads\/2013\/11\/ipv-flia-veron-300x200.jpg 300w, http:\/\/ipv.salta.gov.ar\/wp-content\/uploads\/2013\/11\/ipv-flia-veron-1024x682.jpg 1024w\" sizes=\"(max-width: 300px) 100vw, 300px\" \/><\/a>El Gobierno de la Provincia, a trav\u00e9s del Instituto Provincial de Vivienda hizo entrega esta ma\u00f1ana de una vivienda a Valeria Ver\u00f3n y sus tres hijos, quienes el a\u00f1o pasado sufrieron la p\u00e9rdida total de su vivienda a ra\u00edz de un incendio, quedando los menores con quemaduras en todo el cuerpo.<\/strong><\/p>\n<p style=\"text-align: justify;\"><!--more--><\/p>\n<p style=\"text-align: justify;\">El presidente del IPV Fernando Alesanco visit\u00f3 la vivienda donde actualmente vive la familia en villa Cer\u00e1mica. El funcionario estuvo acompa\u00f1ado por asistentes sociales y por Ricardo Nioi en representaci\u00f3n del Ministerio de Derechos Humanos, e hicieron entrega a la madre de los menores las llaves y carpeta t\u00e9cnica de la vivienda que se les adjudic\u00f3 en barrio Casta\u00f1ares.<\/p>\n<p>Durante la visita, Alesanco destac\u00f3 \u201cqueremos que Valeria y sus ni\u00f1os est\u00e9n instalados en la vivienda este fin de semana, por ello trabajaremos en conjunto con el Ministerio de Derechos Humanos para realizar la mudanza y ponernos a disposici\u00f3n de la familia para lo que requieran\u201d.<\/p>\n<p>La vivienda ubicada en barrio Casta\u00f1ares tiene todos los servicios b\u00e1sicos, adem\u00e1s de las comodidades que por indicaci\u00f3n m\u00e9dica necesitan los ni\u00f1os de 5 y 2 a\u00f1os que sufrieron quemaduras.<\/p>\n<p>Por su parte, Valeria agradeci\u00f3 a la actual gesti\u00f3n de Gobierno por atender su caso.<\/p>\n","protected":false},"excerpt":{"rendered":"<p>El Gobierno de la Provincia, a trav\u00e9s del Instituto Provincial de Vivienda hizo entrega esta ma\u00f1ana de una vivienda a Valeria Ver\u00f3n y sus tres hijos, quienes el a\u00f1o pasado sufrieron la p\u00e9rdida total de su vivienda a ra\u00edz de un incendio, quedando los menores con quemaduras en todo el cuerpo.<\/p>\n","protected":false},"author":3,"featured_media":0,"comment_status":"closed","ping_status":"open","sticky":false,"template":"","format":"standard","meta":{"footnotes":""},"categories":[4],"tags":[],"_links":{"self":[{"href":"http:\/\/ipv.salta.gov.ar\/index.php?rest_route=\/wp\/v2\/posts\/4587"}],"collection":[{"href":"http:\/\/ipv.salta.gov.ar\/index.php?rest_route=\/wp\/v2\/posts"}],"about":[{"href":"http:\/\/ipv.salta.gov.ar\/index.php?rest_route=\/wp\/v2\/types\/post"}],"author":[{"embeddable":true,"href":"http:\/\/ipv.salta.gov.ar\/index.php?rest_route=\/wp\/v2\/users\/3"}],"replies":[{"embeddable":true,"href":"http:\/\/ipv.salta.gov.ar\/index.php?rest_route=%2Fwp%2Fv2%2Fcomments&post=4587"}],"version-history":[{"count":1,"href":"http:\/\/ipv.salta.gov.ar\/index.php?rest_route=\/wp\/v2\/posts\/4587\/revisions"}],"predecessor-version":[{"id":4589,"href":"http:\/\/ipv.salta.gov.ar\/index.php?rest_route=\/wp\/v2\/posts\/4587\/revisions\/4589"}],"wp:attachment":[{"href":"http:\/\/ipv.salta.gov.ar\/index.php?rest_route=%2Fwp%2Fv2%2Fmedia&parent=4587"}],"wp:term":[{"taxonomy":"category","embeddable":true,"href":"http:\/\/ipv.salta.gov.ar\/index.php?rest_route=%2Fwp%2Fv2%2Fcategories&post=4587"},{"taxonomy":"post_tag","embeddable":true,"href":"http:\/\/ipv.salta.gov.ar\/index.php?rest_route=%2Fwp%2Fv2%2Ftags&post=4587"}],"curies":[{"name":"wp","href":"https:\/\/api.w.org\/{rel}","templated":true}]}}