{"id":4598,"date":"2013-11-13T09:42:32","date_gmt":"2013-11-13T11:42:32","guid":{"rendered":"http:\/\/ipv.salta.gov.ar\/?p=4598"},"modified":"2013-11-13T09:42:32","modified_gmt":"2013-11-13T11:42:32","slug":"la-proxima-semana-el-ipv-terminara-la-construccion-de-368-modulos-habitacionales-en-barrio-la-paz","status":"publish","type":"post","link":"http:\/\/ipv.salta.gov.ar\/?p=4598","title":{"rendered":"LA PR\u00d3XIMA SEMANA EL IPV TERMINAR\u00c1 LA CONSTRUCCI\u00d3N DE 368 M\u00d3DULOS HABITACIONALES EN BARRIO LA PAZ"},"content":{"rendered":"<p style=\"text-align: justify;\"><strong><a href=\"http:\/\/ipv.salta.gov.ar\/wp-content\/uploads\/2013\/11\/recorrido-B\u00ba-La-Paz.jpg\"><img decoding=\"async\" loading=\"lazy\" class=\"alignleft size-medium wp-image-4599\" alt=\"recorrido B\u00ba La Paz\" src=\"http:\/\/ipv.salta.gov.ar\/wp-content\/uploads\/2013\/11\/recorrido-B\u00ba-La-Paz-300x200.jpg\" width=\"300\" height=\"200\" srcset=\"http:\/\/ipv.salta.gov.ar\/wp-content\/uploads\/2013\/11\/recorrido-B\u00ba-La-Paz-300x200.jpg 300w, http:\/\/ipv.salta.gov.ar\/wp-content\/uploads\/2013\/11\/recorrido-B\u00ba-La-Paz-1024x682.jpg 1024w\" sizes=\"(max-width: 300px) 100vw, 300px\" \/><\/a>Est\u00e1n destinados a familias de escasos recursos y consisten en dos dormitorios; cocina-comedor y ba\u00f1o o en un dormitorio y ba\u00f1o.<\/strong><\/p>\n<p style=\"text-align: justify;\"><!--more--><\/p>\n<p style=\"text-align: justify;\">El presidente del Instituto Provincial de Vivienda Fernando Alesanco verific\u00f3 las tareas que se ejecutan en los 368 m\u00f3dulos habitacionales  pr\u00f3ximos a finalizarse en barrio La Paz.<\/p>\n<p style=\"text-align: justify;\">El funcionario constat\u00f3 que los trabajos se realicen con normalidad y luego visit\u00f3 a las familias con el prop\u00f3sito de conocer las necesidades de cada uno. En una de las viviendas fue recibido  por Gisella, quien se mostr\u00f3 feliz por la obra que realizan en su casa, en la oportunidad se le construyen dos dormitorios. \u201cEstamos contentos por los m\u00f3dulos\u201d expres\u00f3 la mujer.<\/p>\n<p style=\"text-align: justify;\">Por su parte el presidente del organismo, felicit\u00f3 a la familia beneficiaria y recalc\u00f3 que el \u00fanico fin de este Gobierno es brindar una mejor calidad de vida a las familias m\u00e1s necesitadas y que el objetivo de los m\u00f3dulos es el de completar las viviendas deficitarias.<\/p>\n<p style=\"text-align: justify;\">\u201cTanto las viviendas tradicionales que entregamos desde el IPV como los m\u00f3dulos son importantes para mejorar la habitabilidad de las familias; hoy veo como complementan los m\u00f3dulos con las construcciones que ya ten\u00edan y es una satisfacci\u00f3n ver c\u00f3mo van desarroll\u00e1ndose\u201d, enfatiz\u00f3 Alesanco.<\/p>\n","protected":false},"excerpt":{"rendered":"<p>Est\u00e1n destinados a familias de escasos recursos y consisten en dos dormitorios; cocina-comedor y ba\u00f1o o en un dormitorio y ba\u00f1o.<\/p>\n","protected":false},"author":3,"featured_media":0,"comment_status":"closed","ping_status":"open","sticky":false,"template":"","format":"standard","meta":{"footnotes":""},"categories":[4],"tags":[],"_links":{"self":[{"href":"http:\/\/ipv.salta.gov.ar\/index.php?rest_route=\/wp\/v2\/posts\/4598"}],"collection":[{"href":"http:\/\/ipv.salta.gov.ar\/index.php?rest_route=\/wp\/v2\/posts"}],"about":[{"href":"http:\/\/ipv.salta.gov.ar\/index.php?rest_route=\/wp\/v2\/types\/post"}],"author":[{"embeddable":true,"href":"http:\/\/ipv.salta.gov.ar\/index.php?rest_route=\/wp\/v2\/users\/3"}],"replies":[{"embeddable":true,"href":"http:\/\/ipv.salta.gov.ar\/index.php?rest_route=%2Fwp%2Fv2%2Fcomments&post=4598"}],"version-history":[{"count":0,"href":"http:\/\/ipv.salta.gov.ar\/index.php?rest_route=\/wp\/v2\/posts\/4598\/revisions"}],"wp:attachment":[{"href":"http:\/\/ipv.salta.gov.ar\/index.php?rest_route=%2Fwp%2Fv2%2Fmedia&parent=4598"}],"wp:term":[{"taxonomy":"category","embeddable":true,"href":"http:\/\/ipv.salta.gov.ar\/index.php?rest_route=%2Fwp%2Fv2%2Fcategories&post=4598"},{"taxonomy":"post_tag","embeddable":true,"href":"http:\/\/ipv.salta.gov.ar\/index.php?rest_route=%2Fwp%2Fv2%2Ftags&post=4598"}],"curies":[{"name":"wp","href":"https:\/\/api.w.org\/{rel}","templated":true}]}}