{"id":4611,"date":"2013-11-20T10:41:40","date_gmt":"2013-11-20T12:41:40","guid":{"rendered":"http:\/\/ipv.salta.gov.ar\/?p=4611"},"modified":"2013-11-21T10:12:08","modified_gmt":"2013-11-21T12:12:08","slug":"en-barrio-la-paz-el-gobierno-entrego-escrituras-y-modulos-habitacionales","status":"publish","type":"post","link":"http:\/\/ipv.salta.gov.ar\/?p=4611","title":{"rendered":"EN BARRIO LA PAZ, EL GOBIERNO ENTREG\u00d3 ESCRITURAS Y M\u00d3DULOS HABITACIONALES"},"content":{"rendered":"<p style=\"text-align: justify;\"><strong><a href=\"http:\/\/ipv.salta.gov.ar\/wp-content\/uploads\/2013\/11\/web-gobentescrblapaz2.jpg\"><img decoding=\"async\" loading=\"lazy\" class=\"alignleft size-medium wp-image-4612\" alt=\"web-gobentescrblapaz2\" src=\"http:\/\/ipv.salta.gov.ar\/wp-content\/uploads\/2013\/11\/web-gobentescrblapaz2-300x193.jpg\" width=\"300\" height=\"193\" srcset=\"http:\/\/ipv.salta.gov.ar\/wp-content\/uploads\/2013\/11\/web-gobentescrblapaz2-300x193.jpg 300w, http:\/\/ipv.salta.gov.ar\/wp-content\/uploads\/2013\/11\/web-gobentescrblapaz2.jpg 560w\" sizes=\"(max-width: 300px) 100vw, 300px\" \/><\/a>\u201cHoy cientos de familias cuentan con un lugar propio y con su terreno, a partir de hoy son felices y eso es lo \u00fanico que nos importa\u201d, dijo el Gobernador, y resalt\u00f3 el trabajo que realiza la Provincia con el Gobierno de la Naci\u00f3n.<\/strong><\/p>\n<p style=\"text-align: justify;\"><!--more--><\/p>\n<p style=\"text-align: justify;\"> El Gobernador Juan Manuel Urtubey  encabez\u00f3 esta tarde, el acto de entrega de 368 m\u00f3dulos habitacionales y 200 escrituras en el barrio La Paz, ubicadoen la zona sudeste de la capital salte\u00f1a.<\/p>\n<p>Los m\u00f3dulos para el barrio La Paz,  se ejecutan a trav\u00e9s del Programa Federal \u201cMejor Vivir\u201d; cuentan con cocina-comedor y un ba\u00f1o completamente equipado. Forman parte de un programa de 930 unidades, de las cuales, con esta entrega, completan 418 y est\u00e1n destinados a familias de escasos recursos, por lo que ser\u00e1n subsidiados en su totalidad.<\/p>\n<p>Tambi\u00e9n se entreg\u00f3 200 escrituras correspondientes a terrenos de los barrios Primera Junta, La Paz, Democracia, Solidaridad y Convivencia, que al igual que en otros barrios, fueron gestionadas a trav\u00e9s de la Coordinaci\u00f3n de Tierras y Bienes de la Provincia para continuar con el proceso de regularizaci\u00f3n dominial.<\/p>\n<p>\u201cHoy cientos de familias cuentan con un lugar propio y con su terreno, esos cientos de m\u00f3dulos habitacionales, que algunos critican porque lo tienen todo, pero quienes lo tienen, a partir de hoy, son felices y eso es lo \u00fanico que nos importa\u201d afirm\u00f3 Urtubey.<\/p>\n<p>El mandatario resalt\u00f3 el trabajo que se realiza en conjunto con el Gobierno de la Naci\u00f3n \u201cquiero agradecer y reconocer  a nuestra presidenta Cristina Fern\u00e1ndez de Kirchner, que ha vuelto a sus funciones, porque sin su acompa\u00f1amiento nada ser\u00eda posible\u201d.<\/p>\n<p>\u201cVamos a seguir trabajando juntos con la misma energ\u00eda y la misma esperanza con la que lo hacemos desde el primer d\u00eda de mi gesti\u00f3n, para ir resolviendo los problemas de la gente. Queremos que todos los salte\u00f1os cada d\u00eda est\u00e9n mejor y de esta forma seguir transformando la realidad de nuestra provincia\u201c, dijo Urtubey.<\/p>\n<p>El acto finaliz\u00f3 con la entrega de las carpetas y escrituras, a cargo de las autoridades provinciales y municipales.<\/p>\n<p>Del acto tambi\u00e9n participaron el intendente Miguel Isa, la senadora nacional electa, Cristina Fiore, la diputada nacional electa, Evita Isa, el ministro de Trabajo, Eduardo Costello, el titular del IPV, Fernando Alesanco, el secretario de Obras P\u00fablicas, Sergio Zorpudes, el coordinador de Bienes y Tierras de la provincia, Sergio Usandivaras, y beneficiaros.<\/p>\n","protected":false},"excerpt":{"rendered":"<p>\u201cHoy cientos de familias cuentan con un lugar propio y con su terreno, a partir de hoy son felices y eso es lo \u00fanico que nos importa\u201d, dijo el Gobernador, y resalt\u00f3 el trabajo que realiza la Provincia con el Gobierno de la Naci\u00f3n.<\/p>\n","protected":false},"author":3,"featured_media":0,"comment_status":"closed","ping_status":"open","sticky":false,"template":"","format":"standard","meta":{"footnotes":""},"categories":[4],"tags":[],"_links":{"self":[{"href":"http:\/\/ipv.salta.gov.ar\/index.php?rest_route=\/wp\/v2\/posts\/4611"}],"collection":[{"href":"http:\/\/ipv.salta.gov.ar\/index.php?rest_route=\/wp\/v2\/posts"}],"about":[{"href":"http:\/\/ipv.salta.gov.ar\/index.php?rest_route=\/wp\/v2\/types\/post"}],"author":[{"embeddable":true,"href":"http:\/\/ipv.salta.gov.ar\/index.php?rest_route=\/wp\/v2\/users\/3"}],"replies":[{"embeddable":true,"href":"http:\/\/ipv.salta.gov.ar\/index.php?rest_route=%2Fwp%2Fv2%2Fcomments&post=4611"}],"version-history":[{"count":2,"href":"http:\/\/ipv.salta.gov.ar\/index.php?rest_route=\/wp\/v2\/posts\/4611\/revisions"}],"predecessor-version":[{"id":4614,"href":"http:\/\/ipv.salta.gov.ar\/index.php?rest_route=\/wp\/v2\/posts\/4611\/revisions\/4614"}],"wp:attachment":[{"href":"http:\/\/ipv.salta.gov.ar\/index.php?rest_route=%2Fwp%2Fv2%2Fmedia&parent=4611"}],"wp:term":[{"taxonomy":"category","embeddable":true,"href":"http:\/\/ipv.salta.gov.ar\/index.php?rest_route=%2Fwp%2Fv2%2Fcategories&post=4611"},{"taxonomy":"post_tag","embeddable":true,"href":"http:\/\/ipv.salta.gov.ar\/index.php?rest_route=%2Fwp%2Fv2%2Ftags&post=4611"}],"curies":[{"name":"wp","href":"https:\/\/api.w.org\/{rel}","templated":true}]}}