{"id":4654,"date":"2013-12-02T08:55:43","date_gmt":"2013-12-02T10:55:43","guid":{"rendered":"http:\/\/ipv.salta.gov.ar\/?p=4654"},"modified":"2013-12-02T10:53:37","modified_gmt":"2013-12-02T12:53:37","slug":"en-la-merced-el-ipv-sorteo-viviendas","status":"publish","type":"post","link":"http:\/\/ipv.salta.gov.ar\/?p=4654","title":{"rendered":"EN LA MERCED EL IPV SORTE\u00d3 VIVIENDAS"},"content":{"rendered":"<p style=\"text-align: justify;\"><strong><a href=\"http:\/\/ipv.salta.gov.ar\/wp-content\/uploads\/2013\/12\/websalta-sorteo_la_merced_29-11-2013.jpg\"><img decoding=\"async\" loading=\"lazy\" class=\"alignleft size-medium wp-image-4655\" alt=\"websalta-sorteo_la_merced_29-11-2013\" src=\"http:\/\/ipv.salta.gov.ar\/wp-content\/uploads\/2013\/12\/websalta-sorteo_la_merced_29-11-2013-300x193.jpg\" width=\"300\" height=\"193\" srcset=\"http:\/\/ipv.salta.gov.ar\/wp-content\/uploads\/2013\/12\/websalta-sorteo_la_merced_29-11-2013-300x193.jpg 300w, http:\/\/ipv.salta.gov.ar\/wp-content\/uploads\/2013\/12\/websalta-sorteo_la_merced_29-11-2013.jpg 560w\" sizes=\"(max-width: 300px) 100vw, 300px\" \/><\/a>Se trata de 40 casas pertenecientes al Programa Federal Techo Digno. Se contemplaron los cupos para postulantes con mayor antig\u00fcedad y discapacitados. <a title=\"Sorteo La Merced y San Agustin\" href=\"http:\/\/ipv.salta.gov.ar\/documentos\/sorteados_la_merced_san_agustin_291113.pdf\" target=\"_blank\">Consulte<\/a><br \/>\n<\/strong><\/p>\n<p style=\"text-align: justify;\"><!--more--><\/p>\n<p style=\"text-align: justify;\">En la localidad de La Merced, el Instituto Provincial de Vivienda realiz\u00f3 el sorteo correspondiente al grupo habitacional de 40 casas del Programa Federal Techo Digno.<\/p>\n<p style=\"text-align: justify;\">Encabezado por el titular del organismo, Fernando Alesanco se llev\u00f3 a cabo el sorteo de viviendas en el complejo deportivo de La Merced, con la participaci\u00f3n de vecinos y postulantes. El mismo estuvo supervisado por el \u00e1rea de Escriban\u00eda del organismo y por dos postulantes que oficiaron de testigos.<\/p>\n<p style=\"text-align: justify;\">Primeramente, las autoridades del IPV anunciaron que por medio del cupo para postulantes antiguos, implementado por la actual gesti\u00f3n de Gobierno, se beneficiar\u00e1 en forma directa a los inscriptos con mayor antig\u00fcedad que hayan mantenido su ficha actualizada. De esta manera, siete  familias que ten\u00edan su ficha desde el a\u00f1o 1983 al 3 de agosto de 1999 fueron preadjudicados.<\/p>\n<p style=\"text-align: justify;\">Posteriormente, se realiz\u00f3 el sorteo entre los postulantes con casos especiales. Cabe aclarar que del total de viviendas que conforman el grupo habitacional, dos de ellas est\u00e1n adaptadas para casos de discapacidad motriz.<\/p>\n<p style=\"text-align: justify;\">Finalmente, se sortearon las casas pertenecientes a demanda libre, que estuvieron divididas en dos grupos seg\u00fan el puntaje, lo que le permiti\u00f3 a los postulantes con m\u00e1s a\u00f1os de inscripci\u00f3n tener mayores probabilidades de ser beneficiarios.<\/p>\n<p style=\"text-align: justify;\">Durante el sorteo, donde participaron cientos de vecinos, Alesanco manifest\u00f3 que \u00abhoy 40 familias empezaron a cumplir su sue\u00f1o; vi mucha ansiedad entre la gente y el mensaje que quiero dejarles a aquellos que no salieron sorteados es que no pierdan las esperanzas, seguimos trabajando y sus necesidades ser\u00e1n atendidas\u00bb.<\/p>\n<p style=\"text-align: justify;\">Alesanco tambi\u00e9n destac\u00f3 las tareas que se realizan entre el organismo y los municipios \u00abtenemos convenios firmados en toda la Provincia, esas obras se realizan con fondos propios por eso insistimos mucho con el pago de la cuota, con los fondos del recupero hacemos m\u00e1s viviendas\u00bb.<\/p>\n","protected":false},"excerpt":{"rendered":"<p>Se trata de 40 casas pertenecientes al Programa Federal Techo Digno. Se contemplaron los cupos para postulantes con mayor antig\u00fcedad y discapacitados. Consulte<\/p>\n","protected":false},"author":3,"featured_media":0,"comment_status":"closed","ping_status":"open","sticky":false,"template":"","format":"standard","meta":{"footnotes":""},"categories":[4,42,40],"tags":[],"_links":{"self":[{"href":"http:\/\/ipv.salta.gov.ar\/index.php?rest_route=\/wp\/v2\/posts\/4654"}],"collection":[{"href":"http:\/\/ipv.salta.gov.ar\/index.php?rest_route=\/wp\/v2\/posts"}],"about":[{"href":"http:\/\/ipv.salta.gov.ar\/index.php?rest_route=\/wp\/v2\/types\/post"}],"author":[{"embeddable":true,"href":"http:\/\/ipv.salta.gov.ar\/index.php?rest_route=\/wp\/v2\/users\/3"}],"replies":[{"embeddable":true,"href":"http:\/\/ipv.salta.gov.ar\/index.php?rest_route=%2Fwp%2Fv2%2Fcomments&post=4654"}],"version-history":[{"count":4,"href":"http:\/\/ipv.salta.gov.ar\/index.php?rest_route=\/wp\/v2\/posts\/4654\/revisions"}],"predecessor-version":[{"id":4665,"href":"http:\/\/ipv.salta.gov.ar\/index.php?rest_route=\/wp\/v2\/posts\/4654\/revisions\/4665"}],"wp:attachment":[{"href":"http:\/\/ipv.salta.gov.ar\/index.php?rest_route=%2Fwp%2Fv2%2Fmedia&parent=4654"}],"wp:term":[{"taxonomy":"category","embeddable":true,"href":"http:\/\/ipv.salta.gov.ar\/index.php?rest_route=%2Fwp%2Fv2%2Fcategories&post=4654"},{"taxonomy":"post_tag","embeddable":true,"href":"http:\/\/ipv.salta.gov.ar\/index.php?rest_route=%2Fwp%2Fv2%2Ftags&post=4654"}],"curies":[{"name":"wp","href":"https:\/\/api.w.org\/{rel}","templated":true}]}}