{"id":4657,"date":"2013-12-02T08:52:21","date_gmt":"2013-12-02T10:52:21","guid":{"rendered":"http:\/\/ipv.salta.gov.ar\/?p=4657"},"modified":"2013-12-02T08:52:21","modified_gmt":"2013-12-02T10:52:21","slug":"el-ipv-construye-duplex-en-barrio-los-tarcos","status":"publish","type":"post","link":"http:\/\/ipv.salta.gov.ar\/?p=4657","title":{"rendered":"EL IPV CONSTRUYE DUPLEX EN BARRIO LOS TARCOS"},"content":{"rendered":"<p style=\"text-align: justify;\"><strong><a href=\"http:\/\/ipv.salta.gov.ar\/wp-content\/uploads\/2013\/12\/websalta-los-tarcos-29-noviembre.jpg\"><img decoding=\"async\" loading=\"lazy\" class=\"alignleft size-medium wp-image-4658\" alt=\"websalta-los-tarcos-29-noviembre\" src=\"http:\/\/ipv.salta.gov.ar\/wp-content\/uploads\/2013\/12\/websalta-los-tarcos-29-noviembre-300x193.jpg\" width=\"300\" height=\"193\" srcset=\"http:\/\/ipv.salta.gov.ar\/wp-content\/uploads\/2013\/12\/websalta-los-tarcos-29-noviembre-300x193.jpg 300w, http:\/\/ipv.salta.gov.ar\/wp-content\/uploads\/2013\/12\/websalta-los-tarcos-29-noviembre.jpg 560w\" sizes=\"(max-width: 300px) 100vw, 300px\" \/><\/a>En total son 18, adem\u00e1s de una vivienda adaptada para casos con discapacidad motriz. Actualmente tienen un avance f\u00edsico del 10% y se invertir\u00e1n m\u00e1s de 4 millones de pesos.<\/strong><\/p>\n<p style=\"text-align: justify;\"><!--more--><\/p>\n<p style=\"text-align: justify;\">El Instituto Provincial de Vivienda (IPV) construye 18 duplex en barrio Los Tarcos, adem\u00e1s de una vivienda adaptada para casos con discapacidad motriz. Los d\u00faplex tendr\u00e1n dos fachadas diferentes, estar-comedor, dos dormitorios, cocina, ba\u00f1o y lavadero interno.<\/p>\n<p style=\"text-align: justify;\">A trav\u00e9s del Plan Salte\u00f1o 2013, el organismo tambi\u00e9n ejecuta obras en los barrios Parque General Belgrano, San Carlos, Los Molles, Los Lapachos, San Ignacio y Los Tarcos.<\/p>\n<p style=\"text-align: justify;\">Los trabajos que fueron licitados a mitad de a\u00f1o, tienen actualmente un avance f\u00edsico del 10% y demandan una inversi\u00f3n de $4.532.760.<\/p>\n<p style=\"text-align: justify;\">Al igual que la totalidad de los grupos habitacionales adjudicados por el IPV, estas viviendas ser\u00e1n sorteadas entre los postulantes inscriptos en el organismo. Se record\u00f3 a la comunidad que las inscripciones est\u00e1n abiertas todo el a\u00f1o y se realizan en la sede central del IPV (Belgrano 1.349). Se record\u00f3 que el tr\u00e1mite es personal y que el organismo no cuenta con gestores.<\/p>\n","protected":false},"excerpt":{"rendered":"<p>En total son 18, adem\u00e1s de una vivienda adaptada para casos con discapacidad motriz. Actualmente tienen un avance f\u00edsico del 10% y se invertir\u00e1n m\u00e1s de 4 millones de pesos.<\/p>\n","protected":false},"author":3,"featured_media":0,"comment_status":"closed","ping_status":"open","sticky":false,"template":"","format":"standard","meta":{"footnotes":""},"categories":[4],"tags":[],"_links":{"self":[{"href":"http:\/\/ipv.salta.gov.ar\/index.php?rest_route=\/wp\/v2\/posts\/4657"}],"collection":[{"href":"http:\/\/ipv.salta.gov.ar\/index.php?rest_route=\/wp\/v2\/posts"}],"about":[{"href":"http:\/\/ipv.salta.gov.ar\/index.php?rest_route=\/wp\/v2\/types\/post"}],"author":[{"embeddable":true,"href":"http:\/\/ipv.salta.gov.ar\/index.php?rest_route=\/wp\/v2\/users\/3"}],"replies":[{"embeddable":true,"href":"http:\/\/ipv.salta.gov.ar\/index.php?rest_route=%2Fwp%2Fv2%2Fcomments&post=4657"}],"version-history":[{"count":1,"href":"http:\/\/ipv.salta.gov.ar\/index.php?rest_route=\/wp\/v2\/posts\/4657\/revisions"}],"predecessor-version":[{"id":4659,"href":"http:\/\/ipv.salta.gov.ar\/index.php?rest_route=\/wp\/v2\/posts\/4657\/revisions\/4659"}],"wp:attachment":[{"href":"http:\/\/ipv.salta.gov.ar\/index.php?rest_route=%2Fwp%2Fv2%2Fmedia&parent=4657"}],"wp:term":[{"taxonomy":"category","embeddable":true,"href":"http:\/\/ipv.salta.gov.ar\/index.php?rest_route=%2Fwp%2Fv2%2Fcategories&post=4657"},{"taxonomy":"post_tag","embeddable":true,"href":"http:\/\/ipv.salta.gov.ar\/index.php?rest_route=%2Fwp%2Fv2%2Ftags&post=4657"}],"curies":[{"name":"wp","href":"https:\/\/api.w.org\/{rel}","templated":true}]}}