{"id":4669,"date":"2013-12-04T09:29:19","date_gmt":"2013-12-04T11:29:19","guid":{"rendered":"http:\/\/ipv.salta.gov.ar\/?p=4669"},"modified":"2013-12-04T09:29:19","modified_gmt":"2013-12-04T11:29:19","slug":"en-el-barrio-mirasoles-otras-126-familias-cuentan-con-su-casa-propia","status":"publish","type":"post","link":"http:\/\/ipv.salta.gov.ar\/?p=4669","title":{"rendered":"EN EL BARRIO MIRASOLES OTRAS 126 FAMILIAS CUENTAN CON SU CASA PROPIA"},"content":{"rendered":"<p style=\"text-align: justify;\"><strong><a href=\"http:\/\/ipv.salta.gov.ar\/wp-content\/uploads\/2013\/12\/websalta-gob-entrega-viviendas-mirasloes-3-diciembre4.jpg\"><img decoding=\"async\" loading=\"lazy\" class=\"alignleft size-medium wp-image-4670\" alt=\"websalta-gob-entrega-viviendas-mirasloes-3-diciembre4\" src=\"http:\/\/ipv.salta.gov.ar\/wp-content\/uploads\/2013\/12\/websalta-gob-entrega-viviendas-mirasloes-3-diciembre4-300x193.jpg\" width=\"300\" height=\"193\" srcset=\"http:\/\/ipv.salta.gov.ar\/wp-content\/uploads\/2013\/12\/websalta-gob-entrega-viviendas-mirasloes-3-diciembre4-300x193.jpg 300w, http:\/\/ipv.salta.gov.ar\/wp-content\/uploads\/2013\/12\/websalta-gob-entrega-viviendas-mirasloes-3-diciembre4.jpg 560w\" sizes=\"(max-width: 300px) 100vw, 300px\" \/><\/a>\u201cVamos a seguir trabajando para que el sue\u00f1o de la casa sea un derecho de todos\u201d, afirm\u00f3 el Gobernador en el acto de entrega, con la que se complet\u00f3 la totalidad de 624 viviendas que integran el grupo habitacional.<\/strong><\/p>\n<p style=\"text-align: justify;\"><!--more--><\/p>\n<p style=\"text-align: justify;\">El gobernador Juan Manuel Urtubey presidi\u00f3 esta tarde el acto de entrega de viviendas a 126 familias en barrio Mirasoles, en la zona norte de la Capital. Las casas entregadas, cuatro de las cuales est\u00e1n adaptadas para casos de personas con discapacidad, pertenecen al Programa Federal Plurianual de Construcci\u00f3n de Viviendas.<\/p>\n<p style=\"text-align: justify;\">El complejo habitacional consta de 624 unidades habitacionales y con las 126 de hoy se complet\u00f3 la entrega de la totalidad de las viviendas. De esta manera, esta barriada se convertir\u00e1 en una de las zonas m\u00e1s urbanizadas de la capital.<\/p>\n<p style=\"text-align: justify;\">Durante su discurso el mandatario felicit\u00f3 a los nuevos adjudicatarios y les agradeci\u00f3 por \u201cla paciencia que tuvieron cada uno de ustedes\u201d.<\/p>\n<p style=\"text-align: justify;\">Urtubey tambi\u00e9n les manifest\u00f3 que a partir de la fecha \u201cciento veintis\u00e9is nuevas familias cuentan con su propia casa, ese lugar donde van a poder criar a sus hijos, que van a hacer grande esta provincia y la Argentina que tanto queremos\u201d.<\/p>\n<p style=\"text-align: justify;\">Las viviendas, que fueron bendecidas por el padre Horacio Rivadeneira, cuentan con estar-comedor, dos dormitorios, cocina, ba\u00f1o y lavadero externo, adem\u00e1s de todos los servicios necesarios para ser habitadas.<\/p>\n<p style=\"text-align: justify;\">La obra del complejo habitacional estuvo a cargo de empresas constructoras salte\u00f1as y fue entregada en diversas etapas, siendo la primera en el mes de junio pasado.<\/p>\n<p style=\"text-align: justify;\">\u201cHemos crecido much\u00edsimo en estos \u00faltimos a\u00f1os, en lo que significa inversi\u00f3n habitacional en toda la Provincia. Podemos hablar de n\u00fameros pero para qu\u00e9 hacerlo si todav\u00eda hay muchos salte\u00f1os que necesitan su vivienda. Es por ello que con el Gobierno de la Naci\u00f3n y todos los salte\u00f1os vamos a seguir trabajando para que el sue\u00f1o de la casa sea un derecho de todos\u201d, afirm\u00f3 el Gobernador.<\/p>\n<p style=\"text-align: justify;\">Adem\u00e1s asegur\u00f3 \u201cvecinos como ustedes tuvieron esa respuesta que durante tantos a\u00f1os esperaron, a algunos les lleg\u00f3 la casa cuando parec\u00eda que perdieron las esperanzas, y hoy es una realidad distinta, esto es como volver a empezar y est\u00e1 bueno volver a empezar\u201d, concluy\u00f3 el mandatario.<\/p>\n<p style=\"text-align: justify;\">Finalizadas las palabras Urtubey junto a los adjudicatarios, realiz\u00f3 el corte de cintas y recorri\u00f3 las casas entregadas.<\/p>\n<p style=\"text-align: justify;\">Participaron del acto los ministros de Trabajo, Eduardo Costello y de Cultura y Turismo, Mariano Ovejero, el secretario General de la Gobernaci\u00f3n, Ramiro Sim\u00f3n Padr\u00f3s y el presidente del Instituto de la Vivienda, Fernando Alesanco.<\/p>\n<p style=\"text-align: justify;\">Tambi\u00e9n asistieron la gerente social del IPV, Alicia Galli, el senador mandato cumplido, Juan Moreira, el coordinador Ejecutivo del IPV, Carlos Joya, y beneficiarios de las viviendas.<\/p>\n","protected":false},"excerpt":{"rendered":"<p>\u201cVamos a seguir trabajando para que el sue\u00f1o de la casa sea un derecho de todos\u201d, afirm\u00f3 el Gobernador en el acto de entrega, con la que se complet\u00f3 la totalidad de 624 viviendas que integran el grupo habitacional.<\/p>\n","protected":false},"author":3,"featured_media":0,"comment_status":"closed","ping_status":"open","sticky":false,"template":"","format":"standard","meta":{"footnotes":""},"categories":[4],"tags":[],"_links":{"self":[{"href":"http:\/\/ipv.salta.gov.ar\/index.php?rest_route=\/wp\/v2\/posts\/4669"}],"collection":[{"href":"http:\/\/ipv.salta.gov.ar\/index.php?rest_route=\/wp\/v2\/posts"}],"about":[{"href":"http:\/\/ipv.salta.gov.ar\/index.php?rest_route=\/wp\/v2\/types\/post"}],"author":[{"embeddable":true,"href":"http:\/\/ipv.salta.gov.ar\/index.php?rest_route=\/wp\/v2\/users\/3"}],"replies":[{"embeddable":true,"href":"http:\/\/ipv.salta.gov.ar\/index.php?rest_route=%2Fwp%2Fv2%2Fcomments&post=4669"}],"version-history":[{"count":1,"href":"http:\/\/ipv.salta.gov.ar\/index.php?rest_route=\/wp\/v2\/posts\/4669\/revisions"}],"predecessor-version":[{"id":4671,"href":"http:\/\/ipv.salta.gov.ar\/index.php?rest_route=\/wp\/v2\/posts\/4669\/revisions\/4671"}],"wp:attachment":[{"href":"http:\/\/ipv.salta.gov.ar\/index.php?rest_route=%2Fwp%2Fv2%2Fmedia&parent=4669"}],"wp:term":[{"taxonomy":"category","embeddable":true,"href":"http:\/\/ipv.salta.gov.ar\/index.php?rest_route=%2Fwp%2Fv2%2Fcategories&post=4669"},{"taxonomy":"post_tag","embeddable":true,"href":"http:\/\/ipv.salta.gov.ar\/index.php?rest_route=%2Fwp%2Fv2%2Ftags&post=4669"}],"curies":[{"name":"wp","href":"https:\/\/api.w.org\/{rel}","templated":true}]}}