{"id":4677,"date":"2013-12-06T09:40:38","date_gmt":"2013-12-06T11:40:38","guid":{"rendered":"http:\/\/ipv.salta.gov.ar\/?p=4677"},"modified":"2013-12-06T09:40:38","modified_gmt":"2013-12-06T11:40:38","slug":"el-ipv-construira-15-nuevas-soluciones-habitacionales-para-aborigenes-en-rivadavia-banda-sur","status":"publish","type":"post","link":"http:\/\/ipv.salta.gov.ar\/?p=4677","title":{"rendered":"EL IPV CONSTRUIR\u00c1 15 NUEVAS SOLUCIONES HABITACIONALES PARA ABOR\u00cdGENES EN RIVADAVIA BANDA SUR"},"content":{"rendered":"<p style=\"text-align: justify;\"><strong><a href=\"http:\/\/ipv.salta.gov.ar\/wp-content\/uploads\/2013\/12\/15-sol-habit-R\u00ba-Banda-sur.jpg\"><img decoding=\"async\" loading=\"lazy\" class=\"alignleft size-medium wp-image-4678\" alt=\"15 sol habit-R\u00ba Banda sur\" src=\"http:\/\/ipv.salta.gov.ar\/wp-content\/uploads\/2013\/12\/15-sol-habit-R\u00ba-Banda-sur-300x211.jpg\" width=\"300\" height=\"211\" srcset=\"http:\/\/ipv.salta.gov.ar\/wp-content\/uploads\/2013\/12\/15-sol-habit-R\u00ba-Banda-sur-300x211.jpg 300w, http:\/\/ipv.salta.gov.ar\/wp-content\/uploads\/2013\/12\/15-sol-habit-R\u00ba-Banda-sur-1024x722.jpg 1024w\" sizes=\"(max-width: 300px) 100vw, 300px\" \/><\/a>Estar\u00e1n destinadas a las comunidades residentes de las localidades de La Uni\u00f3n, Rivadavia Banda Sur y barrio Municipal.<\/strong><\/p>\n<p style=\"text-align: justify;\"><!--more--><\/p>\n<p style=\"text-align: justify;\">El presidente del Instituto Provincial de Vivienda, Fernando Alesanco rubric\u00f3 un convenio con el intendente de Rivadavia Banda Sur, Leopoldo Cuenca, para la construcci\u00f3n de 15 nuevas soluciones habitacionales destinadas a residentes de comunidades abor\u00edgenes del municipio.<\/p>\n<p style=\"text-align: justify;\">La localizaci\u00f3n de las unidades se efectuar\u00e1 en distintas parcelas de las comunidades originarias de La Uni\u00f3n, barrio Municipal y Rivadavia Banda Sur.<\/p>\n<p style=\"text-align: justify;\">Los trabajos se realizar\u00e1n con fondos provinciales con una inversi\u00f3n total de $ 642.300. Por su parte,  la Municipalidad se encargar\u00e1 de llevar adelante la ejecuci\u00f3n y control de la obra.<\/p>\n<p style=\"text-align: justify;\">El titular del IPV record\u00f3 que \u201cen el municipio se encuentran varias obras en ejecuci\u00f3n, entre ellas, la vivienda destina a Julio Bohuid,  el ni\u00f1o de dos a\u00f1os que padece de cardiopat\u00eda cong\u00e9nita\u201d.<\/p>\n","protected":false},"excerpt":{"rendered":"<p>Estar\u00e1n destinadas a las comunidades residentes de las localidades de La Uni\u00f3n, Rivadavia Banda Sur y barrio Municipal.<\/p>\n","protected":false},"author":3,"featured_media":0,"comment_status":"closed","ping_status":"open","sticky":false,"template":"","format":"standard","meta":{"footnotes":""},"categories":[4],"tags":[],"_links":{"self":[{"href":"http:\/\/ipv.salta.gov.ar\/index.php?rest_route=\/wp\/v2\/posts\/4677"}],"collection":[{"href":"http:\/\/ipv.salta.gov.ar\/index.php?rest_route=\/wp\/v2\/posts"}],"about":[{"href":"http:\/\/ipv.salta.gov.ar\/index.php?rest_route=\/wp\/v2\/types\/post"}],"author":[{"embeddable":true,"href":"http:\/\/ipv.salta.gov.ar\/index.php?rest_route=\/wp\/v2\/users\/3"}],"replies":[{"embeddable":true,"href":"http:\/\/ipv.salta.gov.ar\/index.php?rest_route=%2Fwp%2Fv2%2Fcomments&post=4677"}],"version-history":[{"count":2,"href":"http:\/\/ipv.salta.gov.ar\/index.php?rest_route=\/wp\/v2\/posts\/4677\/revisions"}],"predecessor-version":[{"id":4680,"href":"http:\/\/ipv.salta.gov.ar\/index.php?rest_route=\/wp\/v2\/posts\/4677\/revisions\/4680"}],"wp:attachment":[{"href":"http:\/\/ipv.salta.gov.ar\/index.php?rest_route=%2Fwp%2Fv2%2Fmedia&parent=4677"}],"wp:term":[{"taxonomy":"category","embeddable":true,"href":"http:\/\/ipv.salta.gov.ar\/index.php?rest_route=%2Fwp%2Fv2%2Fcategories&post=4677"},{"taxonomy":"post_tag","embeddable":true,"href":"http:\/\/ipv.salta.gov.ar\/index.php?rest_route=%2Fwp%2Fv2%2Ftags&post=4677"}],"curies":[{"name":"wp","href":"https:\/\/api.w.org\/{rel}","templated":true}]}}