{"id":4691,"date":"2013-12-10T10:14:30","date_gmt":"2013-12-10T12:14:30","guid":{"rendered":"http:\/\/ipv.salta.gov.ar\/?p=4691"},"modified":"2013-12-10T10:14:30","modified_gmt":"2013-12-10T12:14:30","slug":"el-ipv-entregara-10-soluciones-habitacionales-a-familias-de-nazareno","status":"publish","type":"post","link":"http:\/\/ipv.salta.gov.ar\/?p=4691","title":{"rendered":"EL IPV ENTREGAR\u00c1 10 SOLUCIONES HABITACIONALES A FAMILIAS DE NAZARENO"},"content":{"rendered":"<p style=\"text-align: justify;\"><strong><a href=\"http:\/\/ipv.salta.gov.ar\/wp-content\/uploads\/2013\/12\/nazareno1.jpg\"><img decoding=\"async\" loading=\"lazy\" class=\"alignleft size-medium wp-image-4692\" alt=\"nazareno1\" src=\"http:\/\/ipv.salta.gov.ar\/wp-content\/uploads\/2013\/12\/nazareno1-300x284.jpg\" width=\"300\" height=\"284\" srcset=\"http:\/\/ipv.salta.gov.ar\/wp-content\/uploads\/2013\/12\/nazareno1-300x284.jpg 300w, http:\/\/ipv.salta.gov.ar\/wp-content\/uploads\/2013\/12\/nazareno1-1024x972.jpg 1024w, http:\/\/ipv.salta.gov.ar\/wp-content\/uploads\/2013\/12\/nazareno1.jpg 1685w\" sizes=\"(max-width: 300px) 100vw, 300px\" \/><\/a>Corresponden al Programa Provincial Recuperaci\u00f3n y est\u00e1n destinadas a familias de escasos recursos.<\/strong><\/p>\n<p style=\"text-align: justify;\"><!--more--><\/p>\n<p style=\"text-align: justify;\">El Instituto Provincial de Vivienda entregar\u00e1 el d\u00eda jueves en horas del mediod\u00eda, 10 soluciones habitacionales correspondientes al Programa Provincial Recuperaci\u00f3n, destinadas a familias residentes de lo localidad de Nazareno. El acto se llevar\u00e1 a cabo en la plaza principal del municipio.<\/p>\n<p style=\"text-align: justify;\">Las soluciones est\u00e1n destinadas a familias de escasos recursos que por sus ingresos no pueden ingresar ni participar de los planes tradicionales del organismo. La construcci\u00f3n de las mismas se realiz\u00f3 seg\u00fan la necesidad habitacional de cada grupo familiar. La obra consisti\u00f3 en ampliaciones o completamientos de viviendas deficitarias existentes.<\/p>\n","protected":false},"excerpt":{"rendered":"<p>Corresponden al Programa Provincial Recuperaci\u00f3n y est\u00e1n destinadas a familias de escasos recursos.<\/p>\n","protected":false},"author":3,"featured_media":0,"comment_status":"closed","ping_status":"open","sticky":false,"template":"","format":"standard","meta":{"footnotes":""},"categories":[4],"tags":[],"_links":{"self":[{"href":"http:\/\/ipv.salta.gov.ar\/index.php?rest_route=\/wp\/v2\/posts\/4691"}],"collection":[{"href":"http:\/\/ipv.salta.gov.ar\/index.php?rest_route=\/wp\/v2\/posts"}],"about":[{"href":"http:\/\/ipv.salta.gov.ar\/index.php?rest_route=\/wp\/v2\/types\/post"}],"author":[{"embeddable":true,"href":"http:\/\/ipv.salta.gov.ar\/index.php?rest_route=\/wp\/v2\/users\/3"}],"replies":[{"embeddable":true,"href":"http:\/\/ipv.salta.gov.ar\/index.php?rest_route=%2Fwp%2Fv2%2Fcomments&post=4691"}],"version-history":[{"count":1,"href":"http:\/\/ipv.salta.gov.ar\/index.php?rest_route=\/wp\/v2\/posts\/4691\/revisions"}],"predecessor-version":[{"id":4693,"href":"http:\/\/ipv.salta.gov.ar\/index.php?rest_route=\/wp\/v2\/posts\/4691\/revisions\/4693"}],"wp:attachment":[{"href":"http:\/\/ipv.salta.gov.ar\/index.php?rest_route=%2Fwp%2Fv2%2Fmedia&parent=4691"}],"wp:term":[{"taxonomy":"category","embeddable":true,"href":"http:\/\/ipv.salta.gov.ar\/index.php?rest_route=%2Fwp%2Fv2%2Fcategories&post=4691"},{"taxonomy":"post_tag","embeddable":true,"href":"http:\/\/ipv.salta.gov.ar\/index.php?rest_route=%2Fwp%2Fv2%2Ftags&post=4691"}],"curies":[{"name":"wp","href":"https:\/\/api.w.org\/{rel}","templated":true}]}}