{"id":4712,"date":"2013-12-13T14:24:40","date_gmt":"2013-12-13T16:24:40","guid":{"rendered":"http:\/\/ipv.salta.gov.ar\/?p=4712"},"modified":"2013-12-13T14:49:33","modified_gmt":"2013-12-13T16:49:33","slug":"sesiono-en-buenos-aires-la-lxvii-asamblea-ordinaria-del-consejo-nacional-de-la-vivienda","status":"publish","type":"post","link":"http:\/\/ipv.salta.gov.ar\/?p=4712","title":{"rendered":"EL CUPO DE DISCAPACIDAD FUE ABORDADO EN LA ASAMBLEA ORDINARIA DEL CONSEJO NACIONAL DE LA VIVIENDA"},"content":{"rendered":"<p style=\"text-align: justify;\"><strong><a href=\"http:\/\/ipv.salta.gov.ar\/wp-content\/uploads\/2013\/12\/websalta-ipv-12_de_diciembre.jpg\"><img decoding=\"async\" loading=\"lazy\" class=\"alignleft size-medium wp-image-4713\" alt=\"websalta-ipv-12_de_diciembre\" src=\"http:\/\/ipv.salta.gov.ar\/wp-content\/uploads\/2013\/12\/websalta-ipv-12_de_diciembre-300x193.jpg\" width=\"300\" height=\"193\" srcset=\"http:\/\/ipv.salta.gov.ar\/wp-content\/uploads\/2013\/12\/websalta-ipv-12_de_diciembre-300x193.jpg 300w, http:\/\/ipv.salta.gov.ar\/wp-content\/uploads\/2013\/12\/websalta-ipv-12_de_diciembre.jpg 560w\" sizes=\"(max-width: 300px) 100vw, 300px\" \/><\/a><\/strong><\/p>\n<p><strong>Los representantes de cada provincia expusieron sobre los programas de viviendas vigentes y las perspectivas para el 2014.<\/strong><\/p>\n<p style=\"text-align: justify;\"><!--more--><\/p>\n<p style=\"text-align: justify;\">El presidente del Instituto Provincial de Vivienda Fernando Alesanco particip\u00f3 de la asamblea ordinaria del Consejo Nacional de la Vivienda que se desarroll\u00f3 en la Ciudad Aut\u00f3noma de Buenos Aires con el prop\u00f3sito de tratar entre otros temas el cupo de discapacidad y el presupuesto 2014.<\/p>\n<p>Con la presencia de representantes de todas las provincias los funcionarios abordaron el presupuesto 2014,  oportunidad en que cada jurisdicci\u00f3n expuso los programas que planifican concretar durante el pr\u00f3ximo a\u00f1o.<\/p>\n<p style=\"text-align: justify;\">Adem\u00e1s realizaron un an\u00e1lisis sobre discapacidad y la Ley 26182 (modificaci\u00f3n de la Ley N\u00ba 24.464), que establece un cupo en los planes que se ejecuten con los fondos del FONAVI, destinado a personas con discapacidad o familias en las que al menos uno de sus integrantes sea una persona con discapacidad. La norma fue sancionada en noviembre de 2006. Cabe resaltar que el IPV Salta cumple con esta ley y entrega hasta un 10% en cada uno de los planes de adjudicaci\u00f3n que se ejecutan con fondos del FONAVI.<\/p>\n<p>Durante la reuni\u00f3n tambi\u00e9n se dialog\u00f3 sobre el tercer concurso para escuelas t\u00e9cnicas y el IPV de La Pampa realiz\u00f3 una presentaci\u00f3n sobre el valor de las viviendas sociales.<\/p>\n<p>Finalmente los presidentes de los IPV expusieron sobre los programas de viviendas vigentes y las perspectivas para el 2014.<\/p>\n<p>Particip\u00f3 tambi\u00e9n de la reuni\u00f3n, el coordinador Ejecutivo del IPV Salta, Carlos Joya y el Asesor del organismo, Ra\u00fal S\u00e1ngari.<\/p>\n<p style=\"text-align: justify;\">\n","protected":false},"excerpt":{"rendered":"<p>Los representantes de cada provincia expusieron sobre los programas de viviendas vigentes y las perspectivas para el 2014.<\/p>\n","protected":false},"author":3,"featured_media":0,"comment_status":"closed","ping_status":"open","sticky":false,"template":"","format":"standard","meta":{"footnotes":""},"categories":[4],"tags":[],"_links":{"self":[{"href":"http:\/\/ipv.salta.gov.ar\/index.php?rest_route=\/wp\/v2\/posts\/4712"}],"collection":[{"href":"http:\/\/ipv.salta.gov.ar\/index.php?rest_route=\/wp\/v2\/posts"}],"about":[{"href":"http:\/\/ipv.salta.gov.ar\/index.php?rest_route=\/wp\/v2\/types\/post"}],"author":[{"embeddable":true,"href":"http:\/\/ipv.salta.gov.ar\/index.php?rest_route=\/wp\/v2\/users\/3"}],"replies":[{"embeddable":true,"href":"http:\/\/ipv.salta.gov.ar\/index.php?rest_route=%2Fwp%2Fv2%2Fcomments&post=4712"}],"version-history":[{"count":3,"href":"http:\/\/ipv.salta.gov.ar\/index.php?rest_route=\/wp\/v2\/posts\/4712\/revisions"}],"predecessor-version":[{"id":4715,"href":"http:\/\/ipv.salta.gov.ar\/index.php?rest_route=\/wp\/v2\/posts\/4712\/revisions\/4715"}],"wp:attachment":[{"href":"http:\/\/ipv.salta.gov.ar\/index.php?rest_route=%2Fwp%2Fv2%2Fmedia&parent=4712"}],"wp:term":[{"taxonomy":"category","embeddable":true,"href":"http:\/\/ipv.salta.gov.ar\/index.php?rest_route=%2Fwp%2Fv2%2Fcategories&post=4712"},{"taxonomy":"post_tag","embeddable":true,"href":"http:\/\/ipv.salta.gov.ar\/index.php?rest_route=%2Fwp%2Fv2%2Ftags&post=4712"}],"curies":[{"name":"wp","href":"https:\/\/api.w.org\/{rel}","templated":true}]}}