{"id":4717,"date":"2013-12-16T08:57:45","date_gmt":"2013-12-16T10:57:45","guid":{"rendered":"http:\/\/ipv.salta.gov.ar\/?p=4717"},"modified":"2013-12-16T08:57:45","modified_gmt":"2013-12-16T10:57:45","slug":"vecinos-de-las-lajitas-accederan-a-su-primera-vivienda","status":"publish","type":"post","link":"http:\/\/ipv.salta.gov.ar\/?p=4717","title":{"rendered":"VECINOS DE LAS LAJITAS ACCEDER\u00c1N A SU PRIMERA VIVIENDA"},"content":{"rendered":"<p><strong><a href=\"http:\/\/ipv.salta.gov.ar\/wp-content\/uploads\/2013\/12\/25-Mejoramientos-Las-Lajitas.jpg\"><img decoding=\"async\" loading=\"lazy\" class=\"alignleft size-medium wp-image-4718\" alt=\"25 Mejoramientos Las Lajitas\" src=\"http:\/\/ipv.salta.gov.ar\/wp-content\/uploads\/2013\/12\/25-Mejoramientos-Las-Lajitas-300x143.jpg\" width=\"300\" height=\"143\" srcset=\"http:\/\/ipv.salta.gov.ar\/wp-content\/uploads\/2013\/12\/25-Mejoramientos-Las-Lajitas-300x143.jpg 300w, http:\/\/ipv.salta.gov.ar\/wp-content\/uploads\/2013\/12\/25-Mejoramientos-Las-Lajitas-1024x489.jpg 1024w\" sizes=\"(max-width: 300px) 100vw, 300px\" \/><\/a>Familias de Las Lajitas tendr\u00e1n su primera vivienda propia y refacciones en sus hogares.<\/strong><\/p>\n<p><!--more--><\/p>\n<p>Veinticinco familias de la localidad de Las Lajitas recibir\u00e1n ma\u00f1ana martes su  primera vivienda propia y otras 10 mejorar\u00e1n su calidad de vida a trav\u00e9s de un completamiento de vivienda.<\/p>\n<p>Las viviendas pertenecen al programa Federal Mejor Vivir II y se ejecutaron a trav\u00e9s de un trabajo mancomunado entre Naci\u00f3n, Provincia y Municipio.<\/p>\n<p>Por otra parte, se entregaron 10 soluciones habitacionales del Programa Provincial Recuperaci\u00f3n, que consisten en la ampliaci\u00f3n y\/o mejoramiento de sus viviendas deficitarias.<\/p>\n","protected":false},"excerpt":{"rendered":"<p>Familias de Las Lajitas tendr\u00e1n su primera vivienda propia y refacciones en sus hogares.<\/p>\n","protected":false},"author":3,"featured_media":0,"comment_status":"closed","ping_status":"open","sticky":false,"template":"","format":"standard","meta":{"footnotes":""},"categories":[4],"tags":[],"_links":{"self":[{"href":"http:\/\/ipv.salta.gov.ar\/index.php?rest_route=\/wp\/v2\/posts\/4717"}],"collection":[{"href":"http:\/\/ipv.salta.gov.ar\/index.php?rest_route=\/wp\/v2\/posts"}],"about":[{"href":"http:\/\/ipv.salta.gov.ar\/index.php?rest_route=\/wp\/v2\/types\/post"}],"author":[{"embeddable":true,"href":"http:\/\/ipv.salta.gov.ar\/index.php?rest_route=\/wp\/v2\/users\/3"}],"replies":[{"embeddable":true,"href":"http:\/\/ipv.salta.gov.ar\/index.php?rest_route=%2Fwp%2Fv2%2Fcomments&post=4717"}],"version-history":[{"count":1,"href":"http:\/\/ipv.salta.gov.ar\/index.php?rest_route=\/wp\/v2\/posts\/4717\/revisions"}],"predecessor-version":[{"id":4719,"href":"http:\/\/ipv.salta.gov.ar\/index.php?rest_route=\/wp\/v2\/posts\/4717\/revisions\/4719"}],"wp:attachment":[{"href":"http:\/\/ipv.salta.gov.ar\/index.php?rest_route=%2Fwp%2Fv2%2Fmedia&parent=4717"}],"wp:term":[{"taxonomy":"category","embeddable":true,"href":"http:\/\/ipv.salta.gov.ar\/index.php?rest_route=%2Fwp%2Fv2%2Fcategories&post=4717"},{"taxonomy":"post_tag","embeddable":true,"href":"http:\/\/ipv.salta.gov.ar\/index.php?rest_route=%2Fwp%2Fv2%2Ftags&post=4717"}],"curies":[{"name":"wp","href":"https:\/\/api.w.org\/{rel}","templated":true}]}}