{"id":4721,"date":"2013-12-17T09:23:24","date_gmt":"2013-12-17T11:23:24","guid":{"rendered":"http:\/\/ipv.salta.gov.ar\/?p=4721"},"modified":"2013-12-17T09:23:24","modified_gmt":"2013-12-17T11:23:24","slug":"el-ipv-entrego-10-soluciones-habitacionales-en-nazareno","status":"publish","type":"post","link":"http:\/\/ipv.salta.gov.ar\/?p=4721","title":{"rendered":"EL IPV ENTREG\u00d3 10 SOLUCIONES HABITACIONALES EN NAZARENO"},"content":{"rendered":"<p style=\"text-align: justify;\"><strong><a href=\"http:\/\/ipv.salta.gov.ar\/wp-content\/uploads\/2013\/12\/10sol-nazareno.jpg\"><img decoding=\"async\" loading=\"lazy\" class=\"alignleft size-medium wp-image-4722\" alt=\"10sol-nazareno\" src=\"http:\/\/ipv.salta.gov.ar\/wp-content\/uploads\/2013\/12\/10sol-nazareno-300x225.jpg\" width=\"300\" height=\"225\" srcset=\"http:\/\/ipv.salta.gov.ar\/wp-content\/uploads\/2013\/12\/10sol-nazareno-300x225.jpg 300w, http:\/\/ipv.salta.gov.ar\/wp-content\/uploads\/2013\/12\/10sol-nazareno-1024x768.jpg 1024w, http:\/\/ipv.salta.gov.ar\/wp-content\/uploads\/2013\/12\/10sol-nazareno.jpg 2048w\" sizes=\"(max-width: 300px) 100vw, 300px\" \/><\/a>Las soluciones consisten en la ampliaci\u00f3n y\/o mejoramiento de las viviendas deficitarias. En esta oportunidad y de acuerdo a la necesidad habitacional de los grupos familiares se construyeron nuevos ba\u00f1os y cocinas.<\/strong><\/p>\n<p style=\"text-align: justify;\"><!--more--><\/p>\n<p style=\"text-align: justify;\">El Instituto Provincial de Vivienda realiz\u00f3 la entrega de 10 soluciones habitacionales con fondos provinciales correspondientes al  Programa Recuperaci\u00f3n en la localidad de Nazareno, destinadas a familias que por sus bajos ingresos no pueden acceder a los planes tradicionales del FONAVI.<\/p>\n<p style=\"text-align: justify;\">El acto se llev\u00f3 a cabo en la municipalidad y cont\u00f3 con la presencia del jefe municipal Juli\u00e1n Quiquinte, en representaci\u00f3n del IPV el gerente de la Unidad Ejecutora Rub\u00e9n Hamada, concejales, autoridades municipales y adjudicatarios.<\/p>\n<p style=\"text-align: justify;\">El jefe comunal agradeci\u00f3 al Gobierno de la Provincia y al IPV por el apoyo brindado en la ejecuci\u00f3n de estas nuevas obras destinadas a los lugare\u00f1os. Adem\u00e1s pidi\u00f3 a los nuevos propietarios cumplir con el pago de sus cuotas, ya que este es un sistema solidario y as\u00ed es posible continuar con la ejecuci\u00f3n de nuevas de obras.<\/p>\n<p style=\"text-align: justify;\">Posteriormente se procedi\u00f3 a la entrega de las carpetas t\u00e9cnicas por parte de las autoridades presentes.<\/p>\n","protected":false},"excerpt":{"rendered":"<p>Las soluciones consisten en la ampliaci\u00f3n y\/o mejoramiento de las viviendas deficitarias. En esta oportunidad y de acuerdo a la necesidad habitacional de los grupos familiares se construyeron nuevos ba\u00f1os y cocinas.<\/p>\n","protected":false},"author":3,"featured_media":0,"comment_status":"closed","ping_status":"open","sticky":false,"template":"","format":"standard","meta":{"footnotes":""},"categories":[4],"tags":[],"_links":{"self":[{"href":"http:\/\/ipv.salta.gov.ar\/index.php?rest_route=\/wp\/v2\/posts\/4721"}],"collection":[{"href":"http:\/\/ipv.salta.gov.ar\/index.php?rest_route=\/wp\/v2\/posts"}],"about":[{"href":"http:\/\/ipv.salta.gov.ar\/index.php?rest_route=\/wp\/v2\/types\/post"}],"author":[{"embeddable":true,"href":"http:\/\/ipv.salta.gov.ar\/index.php?rest_route=\/wp\/v2\/users\/3"}],"replies":[{"embeddable":true,"href":"http:\/\/ipv.salta.gov.ar\/index.php?rest_route=%2Fwp%2Fv2%2Fcomments&post=4721"}],"version-history":[{"count":1,"href":"http:\/\/ipv.salta.gov.ar\/index.php?rest_route=\/wp\/v2\/posts\/4721\/revisions"}],"predecessor-version":[{"id":4723,"href":"http:\/\/ipv.salta.gov.ar\/index.php?rest_route=\/wp\/v2\/posts\/4721\/revisions\/4723"}],"wp:attachment":[{"href":"http:\/\/ipv.salta.gov.ar\/index.php?rest_route=%2Fwp%2Fv2%2Fmedia&parent=4721"}],"wp:term":[{"taxonomy":"category","embeddable":true,"href":"http:\/\/ipv.salta.gov.ar\/index.php?rest_route=%2Fwp%2Fv2%2Fcategories&post=4721"},{"taxonomy":"post_tag","embeddable":true,"href":"http:\/\/ipv.salta.gov.ar\/index.php?rest_route=%2Fwp%2Fv2%2Ftags&post=4721"}],"curies":[{"name":"wp","href":"https:\/\/api.w.org\/{rel}","templated":true}]}}