{"id":4726,"date":"2013-12-17T16:14:18","date_gmt":"2013-12-17T18:14:18","guid":{"rendered":"http:\/\/ipv.salta.gov.ar\/?p=4726"},"modified":"2013-12-17T16:14:18","modified_gmt":"2013-12-17T18:14:18","slug":"familias-de-las-lajitas-agradecieron-al-gobernador-urtubey-porque-ya-tienen-casa-propia","status":"publish","type":"post","link":"http:\/\/ipv.salta.gov.ar\/?p=4726","title":{"rendered":"FAMILIAS DE LAS LAJITAS AGRADECIERON AL GOBERNADOR URTUBEY PORQUE YA TIENEN CASA PROPIA"},"content":{"rendered":"<p style=\"text-align: justify;\"><strong><a href=\"http:\/\/ipv.salta.gov.ar\/wp-content\/uploads\/2013\/12\/casas-lajitas.jpg\"><img decoding=\"async\" loading=\"lazy\" class=\"alignleft size-medium wp-image-4727\" alt=\"casas-lajitas\" src=\"http:\/\/ipv.salta.gov.ar\/wp-content\/uploads\/2013\/12\/casas-lajitas-300x211.jpg\" width=\"300\" height=\"211\" srcset=\"http:\/\/ipv.salta.gov.ar\/wp-content\/uploads\/2013\/12\/casas-lajitas-300x211.jpg 300w, http:\/\/ipv.salta.gov.ar\/wp-content\/uploads\/2013\/12\/casas-lajitas.jpg 701w\" sizes=\"(max-width: 300px) 100vw, 300px\" \/><\/a>El Gobernador entreg\u00f3 esta ma\u00f1ana 25 viviendas y 10 soluciones habitacionales a vecinos de Las Lajitas. El corte de cintas se hizo en la casa de Emilce Quintana, quien agradeci\u00f3 la oportunidad que hoy de tener su vivienda. \u201cEsto me permite proyectar la vida de otra forma\u201d, dijo la joven madre, quien esperaba esta oportunidad desde hace varios a\u00f1os.<\/strong><\/p>\n<p style=\"text-align: justify;\"><!--more--><\/p>\n<p style=\"text-align: justify;\">Familias como las de Emilce Quintana y Norberto Guerrero disfrutan desde hoy de su casa propia en Las Lajitas. El gobernador Juan Manuel Urtubey entreg\u00f3 esta ma\u00f1ana 25 viviendas y 10 soluciones habitacionales a vecinos de esa localidad salte\u00f1a, a quienes les agradeci\u00f3 la espera, la voluntad, la fuerza para seguir adelante.<\/p>\n<p style=\"text-align: justify;\">\n<p style=\"text-align: justify;\">\u201cTengo la certeza absoluta de lo que estamos haciendo y de que a pesar de las dificultades no vamos a bajar los brazos, seguiremos adelante, no nos dejaremos caer m\u00e1s all\u00e1 de las circunstancias. Quiero gobernar una provincia que sepa levantarse, lo que podamos hacer depende de la fortaleza de cada uno\u201d, dijo el mandatario durante el acto realizado hoy.<\/p>\n<p style=\"text-align: justify;\">\n<p style=\"text-align: justify;\">Las casas se construyeron en la zona centro de Las Lajitas por un trabajo conjunto entre la Provincia, la Naci\u00f3n y la Municipalidad de Las Lajitas: las 25 pertenecen al programa federal Vivir Mejor II. Las 10 soluciones habitacionales que se entregaron se hicieron a trav\u00e9s del Programa Provincial de Recuperaci\u00f3n que se ejecuta a trav\u00e9s del Instituto Provincial de Vivienda (IPV) y que se ocupa de ampliar o mejorar unidades.<\/p>\n<p style=\"text-align: justify;\">\n<p style=\"text-align: justify;\">El gobernador Urtubey destac\u00f3 el trabajo que el Gobierno encar\u00f3 en toda la provincia con los intendentes municipales con el objetivo puesto en superar las \u201cinequidades que lastiman y que duelen\u201d. En este punto hizo menci\u00f3n a la necesidad de generar infraestructura para que cada vez haya m\u00e1s trabajo: \u201cEse es el desaf\u00edo\u201d, dijo el mandatario al tiempo que inst\u00f3 a los vecinos que compartieron con \u00e9l la ceremonia que \u201caprovechen las oportunidades y las vivan a fondo\u201d.<\/p>\n<p style=\"text-align: justify;\">\n<p style=\"text-align: justify;\">El corte de cintas se hizo en la casa de Emilce Quintana, quien agradeci\u00f3 al Gobierno de la Provincia la oportunidad que hoy tiene. \u201cEsto me permite proyectar la vida de otra forma. Le agradezco al Gobernador y al intendente por esta oportunidad\u201d, dijo la joven madre, quien esperaba esta realidad desde hace varios a\u00f1os.<\/p>\n<p style=\"text-align: justify;\">\n<p style=\"text-align: justify;\">El intendente de Las Lajitas, Alberto Fermani, reconoci\u00f3 la colaboraci\u00f3n que recibe del Ejecutivo porque permite mantener el ritmo de obras. Antes de la entrega de viviendas y de m\u00f3dulos habitacionales, el jefe comunal gui\u00f3 al mandatario en una recorrida por la escuela t\u00e9cnica 3.167, que fue inaugurada hace cuatro a\u00f1os, y cuenta con varios talleres; la obra del nuevo centro municipal, la ampliaci\u00f3n de la biblioteca Jos\u00e9 Lally que recibe hasta 100 consultas por d\u00eda y cuenta con 8.000 ejemplares.<\/p>\n<p style=\"text-align: justify;\">\n<p style=\"text-align: justify;\">\u201cSabemos que falta mucho por hacer, pero vamos avanzando gracias al trabajo encarado con el Gobierno de la Provincia y la Naci\u00f3n\u201d, dijo Fermani, sin dejar de agradecer la visita permanente de los funcionarios al municipio.<\/p>\n<p style=\"text-align: justify;\">\n<p style=\"text-align: justify;\">Acompa\u00f1aron al Gobernador durante el acto el ministro de Trabajo, Eduardo Costello; la diputada nacional, Evita Isa; el intendente de Joaqu\u00edn V. Gonz\u00e1lez, Juan Aguirre; el senador departamental, Ernesto G\u00f3mez; y el presidente del Instituto Provincial de Vivienda, Fernando Alessanco; entre otros.<\/p>\n","protected":false},"excerpt":{"rendered":"<p>El Gobernador entreg\u00f3 esta ma\u00f1ana 25 viviendas y 10 soluciones habitacionales a vecinos de Las Lajitas. El corte de cintas se hizo en la casa de Emilce Quintana, quien agradeci\u00f3 la oportunidad que hoy de tener su vivienda. \u201cEsto me permite proyectar la vida de otra forma\u201d, dijo la joven madre, quien esperaba esta oportunidad [&hellip;]<\/p>\n","protected":false},"author":3,"featured_media":0,"comment_status":"closed","ping_status":"open","sticky":false,"template":"","format":"standard","meta":{"footnotes":""},"categories":[4],"tags":[],"_links":{"self":[{"href":"http:\/\/ipv.salta.gov.ar\/index.php?rest_route=\/wp\/v2\/posts\/4726"}],"collection":[{"href":"http:\/\/ipv.salta.gov.ar\/index.php?rest_route=\/wp\/v2\/posts"}],"about":[{"href":"http:\/\/ipv.salta.gov.ar\/index.php?rest_route=\/wp\/v2\/types\/post"}],"author":[{"embeddable":true,"href":"http:\/\/ipv.salta.gov.ar\/index.php?rest_route=\/wp\/v2\/users\/3"}],"replies":[{"embeddable":true,"href":"http:\/\/ipv.salta.gov.ar\/index.php?rest_route=%2Fwp%2Fv2%2Fcomments&post=4726"}],"version-history":[{"count":1,"href":"http:\/\/ipv.salta.gov.ar\/index.php?rest_route=\/wp\/v2\/posts\/4726\/revisions"}],"predecessor-version":[{"id":4728,"href":"http:\/\/ipv.salta.gov.ar\/index.php?rest_route=\/wp\/v2\/posts\/4726\/revisions\/4728"}],"wp:attachment":[{"href":"http:\/\/ipv.salta.gov.ar\/index.php?rest_route=%2Fwp%2Fv2%2Fmedia&parent=4726"}],"wp:term":[{"taxonomy":"category","embeddable":true,"href":"http:\/\/ipv.salta.gov.ar\/index.php?rest_route=%2Fwp%2Fv2%2Fcategories&post=4726"},{"taxonomy":"post_tag","embeddable":true,"href":"http:\/\/ipv.salta.gov.ar\/index.php?rest_route=%2Fwp%2Fv2%2Ftags&post=4726"}],"curies":[{"name":"wp","href":"https:\/\/api.w.org\/{rel}","templated":true}]}}