{"id":4788,"date":"2014-01-22T09:26:21","date_gmt":"2014-01-22T11:26:21","guid":{"rendered":"http:\/\/ipv.salta.gov.ar\/?p=4788"},"modified":"2014-01-22T09:26:21","modified_gmt":"2014-01-22T11:26:21","slug":"ipv-y-procrear-diagraman-pautas-de-trabajo","status":"publish","type":"post","link":"http:\/\/ipv.salta.gov.ar\/?p=4788","title":{"rendered":"IPV y PROCREAR diagraman pautas de trabajo"},"content":{"rendered":"<p><strong><a href=\"http:\/\/ipv.salta.gov.ar\/wp-content\/uploads\/2014\/01\/IPV-PROCREAR.jpg\"><img decoding=\"async\" loading=\"lazy\" class=\"alignleft size-medium wp-image-4789\" alt=\"IPV-PROCREAR\" src=\"http:\/\/ipv.salta.gov.ar\/wp-content\/uploads\/2014\/01\/IPV-PROCREAR-300x185.jpg\" width=\"300\" height=\"185\" srcset=\"http:\/\/ipv.salta.gov.ar\/wp-content\/uploads\/2014\/01\/IPV-PROCREAR-300x185.jpg 300w, http:\/\/ipv.salta.gov.ar\/wp-content\/uploads\/2014\/01\/IPV-PROCREAR-1024x634.jpg 1024w\" sizes=\"(max-width: 300px) 100vw, 300px\" \/><\/a>En este primer encuentro se trabaj\u00f3 sobre las construcciones que ya se realizan en la provincia con el plan nacional y empezaron a delinearse par\u00e1metros de trabajo para avanzar sobre construcciones futuras.<\/strong><\/p>\n<p><!--more--><\/p>\n<p>El presidente del Instituto Provincial de Vivienda Fernando Alesanco recibi\u00f3 esta tarde en su despacho al  director ejecutivo de la nueva Unidad Coordinadora de Pro.Cre.Ar en Salta, Rub\u00e9n Fortuny, con el fin de aunar criterios y planificar un trabajo conjunto referido a las obras habitacionales.<\/p>\n<p>El tema principal que se trat\u00f3 en la reuni\u00f3n est\u00e1 referido a los terrenos cedidos por el organismo para la construcci\u00f3n de las primeras viviendas del plan nacional.<\/p>\n<p>Tambi\u00e9n se dialog\u00f3 sobre los terrenos de Pereyra Rozas, que tras convertirse en ley la expropiaci\u00f3n del predio, el Gobierno de la Provincia anunci\u00f3 que destinar\u00e1 2.000 lotes a los beneficiarios del plan nacional PROCREAR y que se construir\u00e1n m\u00e1s de 1.200 unidades habitacionales por medio del IPV, motivo por lo cual los funcionarios tomaron contacto para diagramar pautas de trabajo.<\/p>\n<p>En la oportunidad, Alesanco destac\u00f3 que \u00aben este primer encuentro tratamos sobre las construcciones que ya se realizan en la provincia con el plan nacional y empezamos a delinear par\u00e1metros de trabajo para avanzar sobre construcciones futuras\u00bb. Agreg\u00f3 que \u00abProCreAr  contar\u00e1 con todo el apoyo necesario del Gobierno provincial para que las familias beneficiarias concreten la construcci\u00f3n de su vivienda, lo que tambi\u00e9n significar\u00e1 reducir la demanda en el IPV\u00bb.<\/p>\n","protected":false},"excerpt":{"rendered":"<p>En este primer encuentro se trabaj\u00f3 sobre las construcciones que ya se realizan en la provincia con el plan nacional y empezaron a delinearse par\u00e1metros de trabajo para avanzar sobre construcciones futuras.<\/p>\n","protected":false},"author":3,"featured_media":0,"comment_status":"closed","ping_status":"open","sticky":false,"template":"","format":"standard","meta":{"footnotes":""},"categories":[4],"tags":[],"_links":{"self":[{"href":"http:\/\/ipv.salta.gov.ar\/index.php?rest_route=\/wp\/v2\/posts\/4788"}],"collection":[{"href":"http:\/\/ipv.salta.gov.ar\/index.php?rest_route=\/wp\/v2\/posts"}],"about":[{"href":"http:\/\/ipv.salta.gov.ar\/index.php?rest_route=\/wp\/v2\/types\/post"}],"author":[{"embeddable":true,"href":"http:\/\/ipv.salta.gov.ar\/index.php?rest_route=\/wp\/v2\/users\/3"}],"replies":[{"embeddable":true,"href":"http:\/\/ipv.salta.gov.ar\/index.php?rest_route=%2Fwp%2Fv2%2Fcomments&post=4788"}],"version-history":[{"count":1,"href":"http:\/\/ipv.salta.gov.ar\/index.php?rest_route=\/wp\/v2\/posts\/4788\/revisions"}],"predecessor-version":[{"id":4790,"href":"http:\/\/ipv.salta.gov.ar\/index.php?rest_route=\/wp\/v2\/posts\/4788\/revisions\/4790"}],"wp:attachment":[{"href":"http:\/\/ipv.salta.gov.ar\/index.php?rest_route=%2Fwp%2Fv2%2Fmedia&parent=4788"}],"wp:term":[{"taxonomy":"category","embeddable":true,"href":"http:\/\/ipv.salta.gov.ar\/index.php?rest_route=%2Fwp%2Fv2%2Fcategories&post=4788"},{"taxonomy":"post_tag","embeddable":true,"href":"http:\/\/ipv.salta.gov.ar\/index.php?rest_route=%2Fwp%2Fv2%2Ftags&post=4788"}],"curies":[{"name":"wp","href":"https:\/\/api.w.org\/{rel}","templated":true}]}}