{"id":4794,"date":"2014-01-29T10:16:41","date_gmt":"2014-01-29T12:16:41","guid":{"rendered":"http:\/\/ipv.salta.gov.ar\/?p=4794"},"modified":"2014-01-29T10:16:41","modified_gmt":"2014-01-29T12:16:41","slug":"por-primera-vez-el-ipv-construira-viviendas-en-el-encon-chico","status":"publish","type":"post","link":"http:\/\/ipv.salta.gov.ar\/?p=4794","title":{"rendered":"Por primera vez el IPV construir\u00e1 viviendas en El Enc\u00f3n Chico"},"content":{"rendered":"<p><strong><a href=\"http:\/\/ipv.salta.gov.ar\/wp-content\/uploads\/2014\/01\/IMG_0376.jpg\"><img decoding=\"async\" loading=\"lazy\" class=\"alignleft size-medium wp-image-4795\" alt=\"IMG_0376\" src=\"http:\/\/ipv.salta.gov.ar\/wp-content\/uploads\/2014\/01\/IMG_0376-300x200.jpg\" width=\"300\" height=\"200\" srcset=\"http:\/\/ipv.salta.gov.ar\/wp-content\/uploads\/2014\/01\/IMG_0376-300x200.jpg 300w, http:\/\/ipv.salta.gov.ar\/wp-content\/uploads\/2014\/01\/IMG_0376-1024x682.jpg 1024w\" sizes=\"(max-width: 300px) 100vw, 300px\" \/><\/a>Con una inversi\u00f3n de $1.6<\/strong><strong>81.164 el organismo construir\u00e1 12 viviendas en la Silleta por medio del programa Provincial \u201cM<\/strong><strong>i Casa\u201d.<\/strong><\/p>\n<p><!--more--><\/p>\n<p>Dado el notable crecimiento poblacional de Campo Quijano, el Instituto Provincial de Vivienda interviene con diversas obras habitacionales en ese municipio. A las 40 viviendas que se encuentran en ejecuci\u00f3n, hace unas semanas se sum\u00f3 una obra de nexo de agua y este medio d\u00eda se materializ\u00f3, a trav\u00e9s de un convenio, la construcci\u00f3n de 12 viviendas en el Enc\u00f3n Chico ubicado en La Silleta, lugar donde nunca antes intervino el organismo.<\/p>\n<p>El acto de firma de convenio por 12 viviendas pertenecientes al Programa Provincial \u201cMi Casa\u201d, se concret\u00f3 en la intendencia de Campo Quijano y fue rubricado por el titular del IPV Fernando Alesanco y el jefe comunal del municipio Manuel Cornejo, con la presencia de legisladores y vecinos.<\/p>\n<p>A partir de la actual gesti\u00f3n de Gobierno, el IPV ejecuta obras habitacionales en lugares donde nunca antes se hab\u00edan realizado, como en el caso de Luracatao y Tolar Grande, a las que ahora se suma el Enc\u00f3n Chico. Las viviendas estar\u00e1n emplazadas en Villa Lola y contar\u00e1n con dos dormitorios, estar- comedor, cocina, ba\u00f1o y lavadero externo.<\/p>\n<p>Los trabajos que tendr\u00e1n una inversi\u00f3n por parte de la Provincia de $1.681.164, estar\u00e1n a cargo del municipio, que aportar\u00e1 los materiales y la mano de obra.<\/p>\n<p>Durante la firma del acuerdo, Alesanco  destac\u00f3 que \u201canalizamos la situaci\u00f3n del municipio y vimos la necesidad de hacer viviendas en La Silleta, haremos estas 12 casas en una primera etapa y  una vez que terminen concretaremos otras\u201d.<\/p>\n<p>Por su parte, Cornejo dijo que \u201ces la primera vez que se hacen viviendas en esa zona, gracias a la voluntad de este Gobierno\u201d.<\/p>\n","protected":false},"excerpt":{"rendered":"<p>Con una inversi\u00f3n de $1.681.164 el organismo construir\u00e1 12 viviendas en la Silleta por medio del programa Provincial \u201cMi Casa\u201d.<\/p>\n","protected":false},"author":3,"featured_media":0,"comment_status":"closed","ping_status":"open","sticky":false,"template":"","format":"standard","meta":{"footnotes":""},"categories":[4],"tags":[],"_links":{"self":[{"href":"http:\/\/ipv.salta.gov.ar\/index.php?rest_route=\/wp\/v2\/posts\/4794"}],"collection":[{"href":"http:\/\/ipv.salta.gov.ar\/index.php?rest_route=\/wp\/v2\/posts"}],"about":[{"href":"http:\/\/ipv.salta.gov.ar\/index.php?rest_route=\/wp\/v2\/types\/post"}],"author":[{"embeddable":true,"href":"http:\/\/ipv.salta.gov.ar\/index.php?rest_route=\/wp\/v2\/users\/3"}],"replies":[{"embeddable":true,"href":"http:\/\/ipv.salta.gov.ar\/index.php?rest_route=%2Fwp%2Fv2%2Fcomments&post=4794"}],"version-history":[{"count":1,"href":"http:\/\/ipv.salta.gov.ar\/index.php?rest_route=\/wp\/v2\/posts\/4794\/revisions"}],"predecessor-version":[{"id":4796,"href":"http:\/\/ipv.salta.gov.ar\/index.php?rest_route=\/wp\/v2\/posts\/4794\/revisions\/4796"}],"wp:attachment":[{"href":"http:\/\/ipv.salta.gov.ar\/index.php?rest_route=%2Fwp%2Fv2%2Fmedia&parent=4794"}],"wp:term":[{"taxonomy":"category","embeddable":true,"href":"http:\/\/ipv.salta.gov.ar\/index.php?rest_route=%2Fwp%2Fv2%2Fcategories&post=4794"},{"taxonomy":"post_tag","embeddable":true,"href":"http:\/\/ipv.salta.gov.ar\/index.php?rest_route=%2Fwp%2Fv2%2Ftags&post=4794"}],"curies":[{"name":"wp","href":"https:\/\/api.w.org\/{rel}","templated":true}]}}