{"id":4813,"date":"2014-02-05T09:15:35","date_gmt":"2014-02-05T11:15:35","guid":{"rendered":"http:\/\/ipv.salta.gov.ar\/?p=4813"},"modified":"2014-02-05T09:15:35","modified_gmt":"2014-02-05T11:15:35","slug":"el-ipv-construye-nuevas-viviendas-en-campo-quijano","status":"publish","type":"post","link":"http:\/\/ipv.salta.gov.ar\/?p=4813","title":{"rendered":"El IPV construye nuevas viviendas en Campo Quijano"},"content":{"rendered":"<p style=\"text-align: justify;\"><strong><a href=\"http:\/\/ipv.salta.gov.ar\/wp-content\/uploads\/2014\/02\/recorrido-quijano.jpg\"><img decoding=\"async\" loading=\"lazy\" class=\"alignleft size-medium wp-image-4814\" alt=\"recorrido quijano\" src=\"http:\/\/ipv.salta.gov.ar\/wp-content\/uploads\/2014\/02\/recorrido-quijano-300x200.jpg\" width=\"300\" height=\"200\" srcset=\"http:\/\/ipv.salta.gov.ar\/wp-content\/uploads\/2014\/02\/recorrido-quijano-300x200.jpg 300w, http:\/\/ipv.salta.gov.ar\/wp-content\/uploads\/2014\/02\/recorrido-quijano-1024x682.jpg 1024w\" sizes=\"(max-width: 300px) 100vw, 300px\" \/><\/a>Las viviendas se ubican detr\u00e1s del Hospital. Son 20 unidades y llevan un avance de obra del 90%.<\/strong><\/p>\n<p style=\"text-align: justify;\"><!--more--><\/p>\n<p style=\"text-align: justify;\">El presidente del Instituto Provincial de Vivienda Fernando Alesanco realiz\u00f3 un recorrido de obra por la localidad de Campo Quijano y visit\u00f3 la obra de 20 casas que se emplazan detr\u00e1s del hospital de  la localidad.<\/p>\n<p style=\"text-align: justify;\">Por medio del Programa Federal Techo Digno, el organismo lleva adelante la obra de 20 unidades habitacionales que presentan un avance f\u00edsico del 90%. Las casas contar\u00e1n con dos dormitorios, ba\u00f1o, estar \u2013 comedor, cocina, lavadero externo y galer\u00eda techada.<\/p>\n<p style=\"text-align: justify;\">Adem\u00e1s en la localidad se ejecutan 20 viviendas m\u00e1s y se inici\u00f3 la obra de 25 casas del Plan Mejor Vivir II, el cual se ejecuta por medio de un convenio rubricado con la Municipalidad local.<\/p>\n<p style=\"text-align: justify;\">El titular del IPV manifest\u00f3 que las viviendas ser\u00e1n sorteadas pr\u00f3ximamente y de esa manera se conocer\u00e1n a los futuros propietarios. Adem\u00e1s, Alesanco destac\u00f3 el hecho trascendental de construir casas en La Silleta: \u201cvimos la necesidad de hacerlo debido a la cantidad de familias que ya residen all\u00ed, esta ser\u00e1 una primera etapa. La pol\u00edtica de este Gobierno es la de brindar una soluci\u00f3n habitacional a las familias salte\u00f1as\u201d, manifest\u00f3.<\/p>\n","protected":false},"excerpt":{"rendered":"<p>Las viviendas se ubican detr\u00e1s del Hospital. Son 20 unidades y llevan un avance de obra del 90%.<\/p>\n","protected":false},"author":3,"featured_media":0,"comment_status":"closed","ping_status":"open","sticky":false,"template":"","format":"standard","meta":{"footnotes":""},"categories":[4],"tags":[],"_links":{"self":[{"href":"http:\/\/ipv.salta.gov.ar\/index.php?rest_route=\/wp\/v2\/posts\/4813"}],"collection":[{"href":"http:\/\/ipv.salta.gov.ar\/index.php?rest_route=\/wp\/v2\/posts"}],"about":[{"href":"http:\/\/ipv.salta.gov.ar\/index.php?rest_route=\/wp\/v2\/types\/post"}],"author":[{"embeddable":true,"href":"http:\/\/ipv.salta.gov.ar\/index.php?rest_route=\/wp\/v2\/users\/3"}],"replies":[{"embeddable":true,"href":"http:\/\/ipv.salta.gov.ar\/index.php?rest_route=%2Fwp%2Fv2%2Fcomments&post=4813"}],"version-history":[{"count":1,"href":"http:\/\/ipv.salta.gov.ar\/index.php?rest_route=\/wp\/v2\/posts\/4813\/revisions"}],"predecessor-version":[{"id":4815,"href":"http:\/\/ipv.salta.gov.ar\/index.php?rest_route=\/wp\/v2\/posts\/4813\/revisions\/4815"}],"wp:attachment":[{"href":"http:\/\/ipv.salta.gov.ar\/index.php?rest_route=%2Fwp%2Fv2%2Fmedia&parent=4813"}],"wp:term":[{"taxonomy":"category","embeddable":true,"href":"http:\/\/ipv.salta.gov.ar\/index.php?rest_route=%2Fwp%2Fv2%2Fcategories&post=4813"},{"taxonomy":"post_tag","embeddable":true,"href":"http:\/\/ipv.salta.gov.ar\/index.php?rest_route=%2Fwp%2Fv2%2Ftags&post=4813"}],"curies":[{"name":"wp","href":"https:\/\/api.w.org\/{rel}","templated":true}]}}