{"id":4819,"date":"2014-02-07T09:30:50","date_gmt":"2014-02-07T11:30:50","guid":{"rendered":"http:\/\/ipv.salta.gov.ar\/?p=4819"},"modified":"2014-02-07T13:05:26","modified_gmt":"2014-02-07T15:05:26","slug":"el-ipv-construira-40-nucleos-sanitarios-en-san-lorenzo","status":"publish","type":"post","link":"http:\/\/ipv.salta.gov.ar\/?p=4819","title":{"rendered":"El IPV construir\u00e1 40 n\u00facleos sanitarios en San Lorenzo"},"content":{"rendered":"<p style=\"text-align: justify;\"><strong><a href=\"http:\/\/ipv.salta.gov.ar\/wp-content\/uploads\/2014\/02\/san-lorenzo.jpg\"><img decoding=\"async\" loading=\"lazy\" class=\"alignleft size-medium wp-image-4820\" alt=\"san lorenzo\" src=\"http:\/\/ipv.salta.gov.ar\/wp-content\/uploads\/2014\/02\/san-lorenzo-300x200.jpg\" width=\"300\" height=\"200\" srcset=\"http:\/\/ipv.salta.gov.ar\/wp-content\/uploads\/2014\/02\/san-lorenzo-300x200.jpg 300w, http:\/\/ipv.salta.gov.ar\/wp-content\/uploads\/2014\/02\/san-lorenzo-1024x682.jpg 1024w\" sizes=\"(max-width: 300px) 100vw, 300px\" \/><\/a>Los sanitarios pertenecen al programa provincial \u201cN\u00facleos H\u00famedos\u201d y se realizar\u00e1 una inversi\u00f3n por un monto de $430.200. El objetivo de este programa es poder mejorar las condiciones de vida de las familias m\u00e1s necesitadas y a su vez contribuir con la erradicaci\u00f3n de letrinas.<\/strong><\/p>\n<p style=\"text-align: justify;\"><!--more--><\/p>\n<p style=\"text-align: justify;\">El presidente del Instituto Provincial de Vivienda Fernando Alesanco, rubric\u00f3 este mediod\u00eda un convenio con el intendente de la Municipalidad de San Lorenzo Federico Parra, para la construcci\u00f3n de 40 n\u00facleos sanitarios b\u00e1sicos destinado a las familias residentes de la villa.<\/p>\n<p style=\"text-align: justify;\">Los sanitarios pertenecen al programa provincial \u201cN\u00facleos H\u00famedos\u201d y se realizar\u00e1 una inversi\u00f3n por un monto de $430.200. El objetivo de este programa es poder mejorar las condiciones de vida de las familias m\u00e1s necesitadas y a su vez contribuir con la erradicaci\u00f3n de letrinas.<\/p>\n<p style=\"text-align: justify;\">El titular del IPV, se\u00f1al\u00f3 que \u00abeste un beneficio subsidiado por la Provincia y est\u00e1 destinado a aquellas familias de escasos recursos que hoy en d\u00eda no pueden acceder a un sanitario digno\u00bb.<\/p>\n<p style=\"text-align: justify;\">Por otra parte, el jefe comunal agradeci\u00f3 al organismo y al Gobierno por seguir invirtiendo y solucionando la problem\u00e1tica habitacional de las familias que m\u00e1s lo necesitan y que residen en la localidad.<\/p>\n<p style=\"text-align: justify;\">Cabe recordar que adem\u00e1s en el municipio se encuentran en ejecuci\u00f3n 10 soluciones habitacionales del programa \u201cRecuperaci\u00f3n\u201d con un avance del 28% y otros 20 sanitarios con el 86%.<\/p>\n","protected":false},"excerpt":{"rendered":"<p>Los sanitarios pertenecen al programa provincial \u201cN\u00facleos H\u00famedos\u201d y se realizar\u00e1 una inversi\u00f3n por un monto de $430.200. El objetivo de este programa es poder mejorar las condiciones de vida de las familias m\u00e1s necesitadas y a su vez contribuir con la erradicaci\u00f3n de letrinas.<\/p>\n","protected":false},"author":3,"featured_media":0,"comment_status":"closed","ping_status":"open","sticky":false,"template":"","format":"standard","meta":{"footnotes":""},"categories":[4],"tags":[],"_links":{"self":[{"href":"http:\/\/ipv.salta.gov.ar\/index.php?rest_route=\/wp\/v2\/posts\/4819"}],"collection":[{"href":"http:\/\/ipv.salta.gov.ar\/index.php?rest_route=\/wp\/v2\/posts"}],"about":[{"href":"http:\/\/ipv.salta.gov.ar\/index.php?rest_route=\/wp\/v2\/types\/post"}],"author":[{"embeddable":true,"href":"http:\/\/ipv.salta.gov.ar\/index.php?rest_route=\/wp\/v2\/users\/3"}],"replies":[{"embeddable":true,"href":"http:\/\/ipv.salta.gov.ar\/index.php?rest_route=%2Fwp%2Fv2%2Fcomments&post=4819"}],"version-history":[{"count":2,"href":"http:\/\/ipv.salta.gov.ar\/index.php?rest_route=\/wp\/v2\/posts\/4819\/revisions"}],"predecessor-version":[{"id":4825,"href":"http:\/\/ipv.salta.gov.ar\/index.php?rest_route=\/wp\/v2\/posts\/4819\/revisions\/4825"}],"wp:attachment":[{"href":"http:\/\/ipv.salta.gov.ar\/index.php?rest_route=%2Fwp%2Fv2%2Fmedia&parent=4819"}],"wp:term":[{"taxonomy":"category","embeddable":true,"href":"http:\/\/ipv.salta.gov.ar\/index.php?rest_route=%2Fwp%2Fv2%2Fcategories&post=4819"},{"taxonomy":"post_tag","embeddable":true,"href":"http:\/\/ipv.salta.gov.ar\/index.php?rest_route=%2Fwp%2Fv2%2Ftags&post=4819"}],"curies":[{"name":"wp","href":"https:\/\/api.w.org\/{rel}","templated":true}]}}