{"id":4829,"date":"2014-02-10T09:52:31","date_gmt":"2014-02-10T11:52:31","guid":{"rendered":"http:\/\/ipv.salta.gov.ar\/?p=4829"},"modified":"2014-02-10T09:52:31","modified_gmt":"2014-02-10T11:52:31","slug":"cuarenta-familias-de-la-merced-recibieron-las-llaves-de-sus-nuevas-viviendas","status":"publish","type":"post","link":"http:\/\/ipv.salta.gov.ar\/?p=4829","title":{"rendered":"Cuarenta familias de La Merced recibieron las llaves de sus nuevas viviendas"},"content":{"rendered":"<p style=\"text-align: justify;\"><strong><a href=\"http:\/\/ipv.salta.gov.ar\/wp-content\/uploads\/2014\/02\/web-gob-entrega-viviendas-la-merced1.jpg\"><img decoding=\"async\" loading=\"lazy\" class=\"alignleft size-medium wp-image-4830\" alt=\"web-gob-entrega-viviendas-la-merced1\" src=\"http:\/\/ipv.salta.gov.ar\/wp-content\/uploads\/2014\/02\/web-gob-entrega-viviendas-la-merced1-300x193.jpg\" width=\"300\" height=\"193\" srcset=\"http:\/\/ipv.salta.gov.ar\/wp-content\/uploads\/2014\/02\/web-gob-entrega-viviendas-la-merced1-300x193.jpg 300w, http:\/\/ipv.salta.gov.ar\/wp-content\/uploads\/2014\/02\/web-gob-entrega-viviendas-la-merced1.jpg 560w\" sizes=\"(max-width: 300px) 100vw, 300px\" \/><\/a>Las casas pertenecen al Programa Federal Techo Digno. Dos de ellas, fueron adaptadas para discapacitados. La entrega fue encabezada por el gobernador Juan Manuel Urtubey, qui\u00e9n manifest\u00f3 su orgullo por las nuevas familias que cuentan ya con su vivienda propia.<\/strong><\/p>\n<p style=\"text-align: justify;\"><!--more--><\/p>\n<p style=\"text-align: justify;\"> El gobernador Juan Manuel Urtubey encabez\u00f3 este mediod\u00eda en La Merced la entrega de 40 casas pertenecientes al Programa Federal Techo Digno, acompa\u00f1ado por el intendente local Miguel \u00c1ngel P\u00e9rez.<\/p>\n<p style=\"text-align: justify;\">De las 40 casas, dos est\u00e1n adaptadas para casos de discapacidad motriz: 38 tienen una superficie de 54 metros cuadrados, mientras que las viviendas especiales tienen 64 metros cuadrados. Todas cuentan con estar-comedor, dos dormitorios, cocina, ba\u00f1o, lavadero externo y galer\u00eda. Adem\u00e1s de los servicios b\u00e1sicos de agua, luz y gas.<\/p>\n<p style=\"text-align: justify;\">\u201cHoy siento un orgullo enorme de poder ser part\u00edcipe de este acto de entrega en el que cuarenta familias pasan a ser propietarias de sus propias casas\u201d, destac\u00f3 Urtubey. \u201cEste acto forma parte de un proceso que no se termina y que tiene que ver con seguir trabajando para que Salta siga creciendo y evolucionando, queremos que los salte\u00f1os vivan mejor y puedan proyectar sus sue\u00f1os\u201d, agreg\u00f3.<\/p>\n<p style=\"text-align: justify;\">El Gobernador dijo tambi\u00e9n que \u201cqueremos que los beneficiarios de estas nuevas casas aprovechen esta oportunidad que hoy se les brinda con el cumplimiento del pago de sus cuotas y que de esa forma hagan posible que cada vez m\u00e1s salte\u00f1os tenga su vivienda propia, formando una gran cadena solidaria. Sigamos construyendo juntos y en paz una provincia y un pa\u00eds mejor\u201d, finaliz\u00f3.<\/p>\n<p style=\"text-align: justify;\">El intendente agradeci\u00f3 al gobernador Urtubey por trabajar con el municipio de La Merced en beneficio de la gente. Destac\u00f3 tambi\u00e9n las pr\u00f3ximas obras a inaugurar como el nuevo edificio de FORMAR y el pavimento articulado para las calles del centro de la localidad.<\/p>\n<p style=\"text-align: justify;\">Finalmente P\u00e9rez se refiri\u00f3 al correspondiente sorteo de preadjudicaci\u00f3n de las casas hoy entregadas realizadas en diciembre pasado en el complejo deportivo de La Merced, \u201cque cont\u00f3 con la participaci\u00f3n de vecinos y postulantes, y que se llev\u00f3 a cabo con total transparencia permitiendo que 40 familias puedan a cumplir su sue\u00f1o\u201d, agreg\u00f3.<\/p>\n<p style=\"text-align: justify;\">En el acto tambi\u00e9n participaron el vicepresidente primero de la C\u00e1mara de Senadores, Mashur Lapad; el ministro de Seguridad, Alejandro Cornejo; el ministro de Trabajo, Eduardo Costello; el presidente de la C\u00e1mara de Diputados, Manuel Santiago Godoy; el presidente del IPV, Fernando Alesanco; legisladores departamentales y vecinos de la zona.<\/p>\n","protected":false},"excerpt":{"rendered":"<p>Las casas pertenecen al Programa Federal Techo Digno. Dos de ellas, fueron adaptadas para discapacitados. La entrega fue encabezada por el gobernador Juan Manuel Urtubey, qui\u00e9n manifest\u00f3 su orgullo por las nuevas familias que cuentan ya con su vivienda propia.<\/p>\n","protected":false},"author":3,"featured_media":0,"comment_status":"closed","ping_status":"open","sticky":false,"template":"","format":"standard","meta":{"footnotes":""},"categories":[4],"tags":[],"_links":{"self":[{"href":"http:\/\/ipv.salta.gov.ar\/index.php?rest_route=\/wp\/v2\/posts\/4829"}],"collection":[{"href":"http:\/\/ipv.salta.gov.ar\/index.php?rest_route=\/wp\/v2\/posts"}],"about":[{"href":"http:\/\/ipv.salta.gov.ar\/index.php?rest_route=\/wp\/v2\/types\/post"}],"author":[{"embeddable":true,"href":"http:\/\/ipv.salta.gov.ar\/index.php?rest_route=\/wp\/v2\/users\/3"}],"replies":[{"embeddable":true,"href":"http:\/\/ipv.salta.gov.ar\/index.php?rest_route=%2Fwp%2Fv2%2Fcomments&post=4829"}],"version-history":[{"count":1,"href":"http:\/\/ipv.salta.gov.ar\/index.php?rest_route=\/wp\/v2\/posts\/4829\/revisions"}],"predecessor-version":[{"id":4831,"href":"http:\/\/ipv.salta.gov.ar\/index.php?rest_route=\/wp\/v2\/posts\/4829\/revisions\/4831"}],"wp:attachment":[{"href":"http:\/\/ipv.salta.gov.ar\/index.php?rest_route=%2Fwp%2Fv2%2Fmedia&parent=4829"}],"wp:term":[{"taxonomy":"category","embeddable":true,"href":"http:\/\/ipv.salta.gov.ar\/index.php?rest_route=%2Fwp%2Fv2%2Fcategories&post=4829"},{"taxonomy":"post_tag","embeddable":true,"href":"http:\/\/ipv.salta.gov.ar\/index.php?rest_route=%2Fwp%2Fv2%2Ftags&post=4829"}],"curies":[{"name":"wp","href":"https:\/\/api.w.org\/{rel}","templated":true}]}}