{"id":4832,"date":"2014-02-03T20:53:29","date_gmt":"2014-02-03T22:53:29","guid":{"rendered":"http:\/\/ipv.salta.gov.ar\/?p=4832"},"modified":"2014-02-10T09:57:36","modified_gmt":"2014-02-10T11:57:36","slug":"sesenta-familias-de-barrio-los-castanos-son-nuevas-propietarias-en-salta","status":"publish","type":"post","link":"http:\/\/ipv.salta.gov.ar\/?p=4832","title":{"rendered":"Sesenta familias de barrio Los Casta\u00f1os son nuevas propietarias en Salta"},"content":{"rendered":"<p style=\"text-align: justify;\"><strong><a href=\"http:\/\/ipv.salta.gov.ar\/wp-content\/uploads\/2014\/02\/websalta-gob-entrega-de-viviendas-barrio-los-castanos3.jpg\"><img decoding=\"async\" loading=\"lazy\" class=\"alignleft size-medium wp-image-4833\" alt=\"websalta-gob-entrega-de-viviendas-barrio-los-castanos3\" src=\"http:\/\/ipv.salta.gov.ar\/wp-content\/uploads\/2014\/02\/websalta-gob-entrega-de-viviendas-barrio-los-castanos3-300x193.jpg\" width=\"300\" height=\"193\" srcset=\"http:\/\/ipv.salta.gov.ar\/wp-content\/uploads\/2014\/02\/websalta-gob-entrega-de-viviendas-barrio-los-castanos3-300x193.jpg 300w, http:\/\/ipv.salta.gov.ar\/wp-content\/uploads\/2014\/02\/websalta-gob-entrega-de-viviendas-barrio-los-castanos3.jpg 560w\" sizes=\"(max-width: 300px) 100vw, 300px\" \/><\/a>Urtubey felicit\u00f3 a las familias y se\u00f1al\u00f3 que la Provincia triplic\u00f3 el ritmo de construcci\u00f3n de viviendas. Los Casta\u00f1os est\u00e1 ubicado en la zona sur capitalina y las viviendas se construyeron por un convenio del IPV con el Consejo Profesional de Ciencias Econ\u00f3micas.<\/strong><\/p>\n<p style=\"text-align: justify;\"><!--more--><\/p>\n<p style=\"text-align: justify;\">Con la entrega de 60 viviendas en la zona sur de la ciudad, el gobernador Juan Manuel Urtubey inaugur\u00f3 oficialmente hoy el barrio Los Casta\u00f1os, comunidad  integrada principalmente por integrantes del Consejo Profesional de Ciencias Econ\u00f3micas de Salta.<\/p>\n<p>Urtubey destac\u00f3 el trabajo realizado desde el Gobierno provincial con instituciones del medio, lo que permiti\u00f3 ampliar los beneficios del Instituto Provincial de Vivienda (IPV) y cubrir la demanda habitacional de diferentes sectores de la sociedad.<\/p>\n<p>\u201cCon esta entrega hacemos hoy que otras 60 familias vean cumplido un sue\u00f1o. Les pido a ustedes sean parte de este c\u00edrculo virtuoso que nos permite seguir construyendo viviendas para muchos otros salte\u00f1os que tambi\u00e9n la esperan y necesitan\u201d, dijo Urtubey.<\/p>\n<p style=\"text-align: justify;\">\nEl mandatario destac\u00f3 que desde la Provincia se triplic\u00f3 el ritmo de construcci\u00f3n de viviendas, \u201cpero esto a\u00fan no alcanza a cubrir la demanda actual. Frente a esto es mayor el compromiso, la dedicaci\u00f3n y el esfuerzo que realizamos para que cada familia pueda tener su hogar\u201d.<\/p>\n<p>Estas 60 viviendas fueron construidas a partir de la firma de un convenio entre el Instituto Provincial de la Vivienda con la entidad y ejecutadas a trav\u00e9s del Programa Federal Plurianual Reconvertido de Construcci\u00f3n de Viviendas. Las casas cuentan con estar-comedor, dos dormitorios, cocina, ba\u00f1o y lavadero externo.<\/p>\n<p>El Instituto Provincial de Vivienda lleva adelante la construcci\u00f3n de m\u00e1s de 4.200 nuevas viviendas y m\u00e1s de 1.000 soluciones habitacionales en toda la provincia. Este fue otro de los datos que se destac\u00f3 en el acto.<\/p>\n<p>Participaron en la ceremonia el presidente del Consejo Profesional de Ciencias Econ\u00f3micas, Oscar Arturo Briones; el intendente municipal, Miguel Angel Isa; el diputado nacional, Pablo Kosiner; los ministros de Gobierno, Eduardo Sylvester, y de Derechos Humanos, Marianela Cansino.<\/p>\n<p>Tambi\u00e9n estuvieron el titular del IPV, Fernando Alesanco; el coordinador del IPV, Carlos Joya; el secretario de M\u00e9todos Alternativos de Resoluci\u00f3n de Conflictos, Federico Uldry; y el concejal, Gast\u00f3n Gal\u00edndez.<\/p>\n","protected":false},"excerpt":{"rendered":"<p>Urtubey felicit\u00f3 a las familias y se\u00f1al\u00f3 que la Provincia triplic\u00f3 el ritmo de construcci\u00f3n de viviendas. Los Casta\u00f1os est\u00e1 ubicado en la zona sur capitalina y las viviendas se construyeron por un convenio del IPV con el Consejo Profesional de Ciencias Econ\u00f3micas.<\/p>\n","protected":false},"author":3,"featured_media":0,"comment_status":"closed","ping_status":"open","sticky":false,"template":"","format":"standard","meta":{"footnotes":""},"categories":[4],"tags":[],"_links":{"self":[{"href":"http:\/\/ipv.salta.gov.ar\/index.php?rest_route=\/wp\/v2\/posts\/4832"}],"collection":[{"href":"http:\/\/ipv.salta.gov.ar\/index.php?rest_route=\/wp\/v2\/posts"}],"about":[{"href":"http:\/\/ipv.salta.gov.ar\/index.php?rest_route=\/wp\/v2\/types\/post"}],"author":[{"embeddable":true,"href":"http:\/\/ipv.salta.gov.ar\/index.php?rest_route=\/wp\/v2\/users\/3"}],"replies":[{"embeddable":true,"href":"http:\/\/ipv.salta.gov.ar\/index.php?rest_route=%2Fwp%2Fv2%2Fcomments&post=4832"}],"version-history":[{"count":1,"href":"http:\/\/ipv.salta.gov.ar\/index.php?rest_route=\/wp\/v2\/posts\/4832\/revisions"}],"predecessor-version":[{"id":4834,"href":"http:\/\/ipv.salta.gov.ar\/index.php?rest_route=\/wp\/v2\/posts\/4832\/revisions\/4834"}],"wp:attachment":[{"href":"http:\/\/ipv.salta.gov.ar\/index.php?rest_route=%2Fwp%2Fv2%2Fmedia&parent=4832"}],"wp:term":[{"taxonomy":"category","embeddable":true,"href":"http:\/\/ipv.salta.gov.ar\/index.php?rest_route=%2Fwp%2Fv2%2Fcategories&post=4832"},{"taxonomy":"post_tag","embeddable":true,"href":"http:\/\/ipv.salta.gov.ar\/index.php?rest_route=%2Fwp%2Fv2%2Ftags&post=4832"}],"curies":[{"name":"wp","href":"https:\/\/api.w.org\/{rel}","templated":true}]}}