{"id":4839,"date":"2014-02-13T08:53:32","date_gmt":"2014-02-13T10:53:32","guid":{"rendered":"http:\/\/ipv.salta.gov.ar\/?p=4839"},"modified":"2014-02-13T08:53:32","modified_gmt":"2014-02-13T10:53:32","slug":"en-embarcacion-avanzan-las-obras-habitacionales-para-la-comunidad-san-ignacio-de-loyola","status":"publish","type":"post","link":"http:\/\/ipv.salta.gov.ar\/?p=4839","title":{"rendered":"En Embarcaci\u00f3n avanzan las obras habitacionales para la comunidad San Ignacio de Loyola"},"content":{"rendered":"<p style=\"text-align: justify;\"><strong><a href=\"http:\/\/ipv.salta.gov.ar\/wp-content\/uploads\/2014\/02\/12-viv-comunidad-Wichi.jpg\"><img decoding=\"async\" loading=\"lazy\" class=\"alignleft size-medium wp-image-4840\" alt=\"12 viv- comunidad Wichi\" src=\"http:\/\/ipv.salta.gov.ar\/wp-content\/uploads\/2014\/02\/12-viv-comunidad-Wichi-300x225.jpg\" width=\"300\" height=\"225\" srcset=\"http:\/\/ipv.salta.gov.ar\/wp-content\/uploads\/2014\/02\/12-viv-comunidad-Wichi-300x225.jpg 300w, http:\/\/ipv.salta.gov.ar\/wp-content\/uploads\/2014\/02\/12-viv-comunidad-Wichi-1024x768.jpg 1024w\" sizes=\"(max-width: 300px) 100vw, 300px\" \/><\/a>Est\u00e1n en construcci\u00f3n las primeras 12 casas de un total de 24 que estar\u00e1n destinadas a esta comunidad del norte provincial.<\/strong><\/p>\n<p style=\"text-align: justify;\"><!--more--><\/p>\n<p style=\"text-align: justify;\">El Gobierno provincial ejecuta 12 viviendas del programa provincial Mi Casa en la comunidad wich\u00ed San Ignacio de Loyola, obra que tiene un avance del 30%. El acuerdo consiste en la construcci\u00f3n de 24 viviendas y est\u00e1 dividido  en dos etapas de 12 unidades cada una.<\/p>\n<p style=\"text-align: justify;\">El Instituto Provincial de Vivienda ejecuta en diversas localidades y parajes de toda la provincia m\u00e1s de 200 viviendas destinadas a las comunidades abor\u00edgenes que actualmente habitan en condiciones precarias.<\/p>\n<p style=\"text-align: justify;\">Las obras correspondientes a la primera etapa iniciaron en noviembre pasado  y tienen un plazo de ejecuci\u00f3n de ocho meses. Las unidades constan de dos dormitorios, ba\u00f1o completo y un ambiente cubierto de cocina-comedor.<\/p>\n<p style=\"text-align: justify;\">La ejecuci\u00f3n de las viviendas se realiza en terrenos de la comunidad y cuentan con los servicios de energ\u00eda el\u00e9ctrica y agua potable. Asimismo los miembros de la colectividad se encargan de la direcci\u00f3n t\u00e9cnica y mano de obra.<\/p>\n","protected":false},"excerpt":{"rendered":"<p>Est\u00e1n en construcci\u00f3n las primeras 12 casas de un total de 24 que estar\u00e1n destinadas a esta comunidad del norte provincial.<\/p>\n","protected":false},"author":3,"featured_media":0,"comment_status":"closed","ping_status":"open","sticky":false,"template":"","format":"standard","meta":{"footnotes":""},"categories":[4],"tags":[],"_links":{"self":[{"href":"http:\/\/ipv.salta.gov.ar\/index.php?rest_route=\/wp\/v2\/posts\/4839"}],"collection":[{"href":"http:\/\/ipv.salta.gov.ar\/index.php?rest_route=\/wp\/v2\/posts"}],"about":[{"href":"http:\/\/ipv.salta.gov.ar\/index.php?rest_route=\/wp\/v2\/types\/post"}],"author":[{"embeddable":true,"href":"http:\/\/ipv.salta.gov.ar\/index.php?rest_route=\/wp\/v2\/users\/3"}],"replies":[{"embeddable":true,"href":"http:\/\/ipv.salta.gov.ar\/index.php?rest_route=%2Fwp%2Fv2%2Fcomments&post=4839"}],"version-history":[{"count":1,"href":"http:\/\/ipv.salta.gov.ar\/index.php?rest_route=\/wp\/v2\/posts\/4839\/revisions"}],"predecessor-version":[{"id":4841,"href":"http:\/\/ipv.salta.gov.ar\/index.php?rest_route=\/wp\/v2\/posts\/4839\/revisions\/4841"}],"wp:attachment":[{"href":"http:\/\/ipv.salta.gov.ar\/index.php?rest_route=%2Fwp%2Fv2%2Fmedia&parent=4839"}],"wp:term":[{"taxonomy":"category","embeddable":true,"href":"http:\/\/ipv.salta.gov.ar\/index.php?rest_route=%2Fwp%2Fv2%2Fcategories&post=4839"},{"taxonomy":"post_tag","embeddable":true,"href":"http:\/\/ipv.salta.gov.ar\/index.php?rest_route=%2Fwp%2Fv2%2Ftags&post=4839"}],"curies":[{"name":"wp","href":"https:\/\/api.w.org\/{rel}","templated":true}]}}