{"id":4843,"date":"2014-02-18T09:26:02","date_gmt":"2014-02-18T11:26:02","guid":{"rendered":"http:\/\/ipv.salta.gov.ar\/?p=4843"},"modified":"2014-02-18T09:26:02","modified_gmt":"2014-02-18T11:26:02","slug":"ipv-y-procrear-presentaron-ante-concejales-el-proyecto-habitacional-en-el-predio-de-pereyra-rozas","status":"publish","type":"post","link":"http:\/\/ipv.salta.gov.ar\/?p=4843","title":{"rendered":"IPV y ProCreAr presentaron ante concejales el proyecto habitacional en el predio de Pereyra Rozas"},"content":{"rendered":"<p style=\"text-align: justify;\"><strong><a href=\"http:\/\/ipv.salta.gov.ar\/wp-content\/uploads\/2014\/02\/pereyra_rozas_17-02.jpg\"><img decoding=\"async\" loading=\"lazy\" class=\"alignleft size-medium wp-image-4844\" alt=\"pereyra_rozas_17-02\" src=\"http:\/\/ipv.salta.gov.ar\/wp-content\/uploads\/2014\/02\/pereyra_rozas_17-02-300x193.jpg\" width=\"300\" height=\"193\" srcset=\"http:\/\/ipv.salta.gov.ar\/wp-content\/uploads\/2014\/02\/pereyra_rozas_17-02-300x193.jpg 300w, http:\/\/ipv.salta.gov.ar\/wp-content\/uploads\/2014\/02\/pereyra_rozas_17-02.jpg 560w\" sizes=\"(max-width: 300px) 100vw, 300px\" \/><\/a>Titulares del IPV y de ProCreAr Salta expusieron en el Consejo Deliberante sobre las tareas de urbanizaci\u00f3n y construcci\u00f3n de m\u00e1s de 3000 viviendas en los terrenos expropiados por la provincia de Salta a fines del a\u00f1o pasado.<\/strong><\/p>\n<p style=\"text-align: justify;\"><!--more--><\/p>\n<p style=\"text-align: justify;\">El presidente del Instituto Provincial de Vivienda, Fernando Alesanco junto al coordinador de la Unidad Ejecutora de ProCreAr Salta, Rub\u00e9n Fortuny expuso en el Concejo Deliberante sobre el proyecto  habitacional en el predio de Pereyra Rozas, ubicado en la zona norte de la Ciudad, en donde se construir\u00e1n m\u00e1s de 3000 viviendas disminuyendo la demanda habitacional.<\/p>\n<p style=\"text-align: justify;\">Los funcionarios fueron recibidos por la presidente del Concejo Deliberante, \u00c1ngela Di Bez quien encabez\u00f3 la reuni\u00f3n informativa donde tambi\u00e9n participaron concejales de los diferentes bloques. All\u00ed expusieron sobre las tareas de urbanizaci\u00f3n que realizar\u00e1 el IPV y la unidad ejecutora ProCreAr en los terrenos expropiados por la provincia de Salta a fines del a\u00f1o pasado.<\/p>\n<p style=\"text-align: justify;\">Durante la reuni\u00f3n se  inform\u00f3 que son 2.400 hasta el momento los beneficiarios de ProCreAr para la l\u00ednea de cr\u00e9dito de terreno m\u00e1s construcci\u00f3n de vivienda. En tanto los lotes destinados a este plan de viviendas en Pereyra Rozas ser\u00e1n 1866 de aproximadamente 200 metros cuadrados cada uno. \u201cUna vez que el predio fue expropiado se empez\u00f3 a trabajar en un proyecto de m\u00e1s de 3 mil viviendas, donde un poco m\u00e1s de mil ser\u00e1n para beneficiarios del  IPV\u201d, explic\u00f3 Fortuny.<\/p>\n<p style=\"text-align: justify;\">Por otro lado Alesanco destac\u00f3 que a partir de la posesi\u00f3n del terreno, el IPV fue avanzando en los trabajos topogr\u00e1ficos, los cuales finalizar\u00e1n en un mes. \u201cTambi\u00e9n estamos trabajando en la delimitaci\u00f3n de calles. Lo principal es que la gente beneficiaria de ProCreAr pueda ir avanzando en la construcci\u00f3n\u201d, agreg\u00f3.<\/p>\n<p style=\"text-align: justify;\">Con respecto a los servicios en la zona, el presidente del IPV inform\u00f3 que las obras de mayor envergadura son las de agua y cloaca, donde se necesita una inversi\u00f3n aproximada de 450 millones de pesos. \u201cUno de los proyectos que se eval\u00faa es el del aprovechamiento del agua de dique Campo Alegre, con ello se resolver\u00e1 la problem\u00e1tica del agua no solo de las familias que vivan en Pereyra Rozas, sino tambi\u00e9n en  Vaqueros, La Caldera y todos los barrios ubicados en la zona norte de la Ciudad hasta Avenida Entre R\u00edos\u201d, manifest\u00f3.<\/p>\n<p style=\"text-align: justify;\">Asimismo, Alesanco expuso que realiz\u00f3 una presentaci\u00f3n ante la Subsecretaria de Vivienda de la Naci\u00f3n por la construcci\u00f3n de 3300 viviendas para la provincia, de las cuales 1100 corresponder\u00edan a la futura urbanizaci\u00f3n de Pereyra Rozas. De la mencionada cifra, 983 ser\u00edan departamentos de dos y tres dormitorios y el resto d\u00faplex. En este sentido el funcionario explic\u00f3 que los departamentos tendr\u00edan 66 y 74 metros cuadrados, por lo que el Gobierno de Salta deber\u00e1 hacerse cargo de los 15 metros cuadrados que no est\u00e1n financiados por Naci\u00f3n, lo que representar\u00eda una inversi\u00f3n provincial de alrededor de 50 millones de pesos.<\/p>\n<p style=\"text-align: justify;\">Finamente Fortuny mencion\u00f3 que pr\u00f3ximamente en la web de ProCreAr se informar\u00e1 sobre las urbanizaciones aprobadas por inmueble para la compra de terrenos. Anunci\u00f3 tambi\u00e9n que a fines de marzo se realizar\u00e1 un nuevo sorteo de. ProCreAr.<\/p>\n","protected":false},"excerpt":{"rendered":"<p>Titulares del IPV y de ProCreAr Salta expusieron en el Consejo Deliberante sobre las tareas de urbanizaci\u00f3n y construcci\u00f3n de m\u00e1s de 3000 viviendas en los terrenos expropiados por la provincia de Salta a fines del a\u00f1o pasado.<\/p>\n","protected":false},"author":3,"featured_media":0,"comment_status":"closed","ping_status":"open","sticky":false,"template":"","format":"standard","meta":{"footnotes":""},"categories":[4],"tags":[],"_links":{"self":[{"href":"http:\/\/ipv.salta.gov.ar\/index.php?rest_route=\/wp\/v2\/posts\/4843"}],"collection":[{"href":"http:\/\/ipv.salta.gov.ar\/index.php?rest_route=\/wp\/v2\/posts"}],"about":[{"href":"http:\/\/ipv.salta.gov.ar\/index.php?rest_route=\/wp\/v2\/types\/post"}],"author":[{"embeddable":true,"href":"http:\/\/ipv.salta.gov.ar\/index.php?rest_route=\/wp\/v2\/users\/3"}],"replies":[{"embeddable":true,"href":"http:\/\/ipv.salta.gov.ar\/index.php?rest_route=%2Fwp%2Fv2%2Fcomments&post=4843"}],"version-history":[{"count":1,"href":"http:\/\/ipv.salta.gov.ar\/index.php?rest_route=\/wp\/v2\/posts\/4843\/revisions"}],"predecessor-version":[{"id":4845,"href":"http:\/\/ipv.salta.gov.ar\/index.php?rest_route=\/wp\/v2\/posts\/4843\/revisions\/4845"}],"wp:attachment":[{"href":"http:\/\/ipv.salta.gov.ar\/index.php?rest_route=%2Fwp%2Fv2%2Fmedia&parent=4843"}],"wp:term":[{"taxonomy":"category","embeddable":true,"href":"http:\/\/ipv.salta.gov.ar\/index.php?rest_route=%2Fwp%2Fv2%2Fcategories&post=4843"},{"taxonomy":"post_tag","embeddable":true,"href":"http:\/\/ipv.salta.gov.ar\/index.php?rest_route=%2Fwp%2Fv2%2Ftags&post=4843"}],"curies":[{"name":"wp","href":"https:\/\/api.w.org\/{rel}","templated":true}]}}