{"id":4846,"date":"2014-02-18T16:35:48","date_gmt":"2014-02-18T18:35:48","guid":{"rendered":"http:\/\/ipv.salta.gov.ar\/?p=4846"},"modified":"2014-02-19T08:47:31","modified_gmt":"2014-02-19T10:47:31","slug":"el-ipv-subsidiara-30-nuevos-sanitarios-basicos-en-el-quebrachal","status":"publish","type":"post","link":"http:\/\/ipv.salta.gov.ar\/?p=4846","title":{"rendered":"El IPV subsidiar\u00e1 30 nuevos sanitarios b\u00e1sicos en El Quebrachal"},"content":{"rendered":"<p><strong><a href=\"http:\/\/ipv.salta.gov.ar\/wp-content\/uploads\/2014\/02\/conv-el-quebrachal.jpg\"><img decoding=\"async\" loading=\"lazy\" class=\"alignleft size-medium wp-image-4847\" alt=\"conv el quebrachal\" src=\"http:\/\/ipv.salta.gov.ar\/wp-content\/uploads\/2014\/02\/conv-el-quebrachal-300x200.jpg\" width=\"300\" height=\"200\" srcset=\"http:\/\/ipv.salta.gov.ar\/wp-content\/uploads\/2014\/02\/conv-el-quebrachal-300x200.jpg 300w, http:\/\/ipv.salta.gov.ar\/wp-content\/uploads\/2014\/02\/conv-el-quebrachal-1024x682.jpg 1024w\" sizes=\"(max-width: 300px) 100vw, 300px\" \/><\/a>Est\u00e1n destinados a las familias de escasos recursos y tendr\u00e1n una inversi\u00f3n de $322.650<\/strong><\/p>\n<p><!--more--><\/p>\n<p>El Instituto Provincial de Vivienda a trav\u00e9s de su titular Fernando Alesanco, rubric\u00f3 un convenio con el intendente de El Quebrachal Leonardo Garc\u00eda por la construcci\u00f3n de 30 sanitarios b\u00e1sicos, destinados a las familias de escasos recursos que residen en la localidad.<\/p>\n<p>Los sanitarios se realizar\u00e1n por medio del programa provincial N\u00facleos H\u00famedos. Esta constricci\u00f3n ser\u00e1 subsidiada por la Provincia y tendr\u00e1 una inversi\u00f3n de $322.650.<\/p>\n<p>La direcci\u00f3n t\u00e9cnica estar\u00e1 a cargo de la Municipalidad como as\u00ed tambi\u00e9n la obtenci\u00f3n de materiales y la mano de obra. Adem\u00e1s de verificar la correcta ejecuci\u00f3n y terminaci\u00f3n de los trabajos.<\/p>\n","protected":false},"excerpt":{"rendered":"<p>Est\u00e1n destinados a las familias de escasos recursos y tendr\u00e1n una inversi\u00f3n de $322.650<\/p>\n","protected":false},"author":3,"featured_media":0,"comment_status":"closed","ping_status":"open","sticky":false,"template":"","format":"standard","meta":{"footnotes":""},"categories":[4],"tags":[],"_links":{"self":[{"href":"http:\/\/ipv.salta.gov.ar\/index.php?rest_route=\/wp\/v2\/posts\/4846"}],"collection":[{"href":"http:\/\/ipv.salta.gov.ar\/index.php?rest_route=\/wp\/v2\/posts"}],"about":[{"href":"http:\/\/ipv.salta.gov.ar\/index.php?rest_route=\/wp\/v2\/types\/post"}],"author":[{"embeddable":true,"href":"http:\/\/ipv.salta.gov.ar\/index.php?rest_route=\/wp\/v2\/users\/3"}],"replies":[{"embeddable":true,"href":"http:\/\/ipv.salta.gov.ar\/index.php?rest_route=%2Fwp%2Fv2%2Fcomments&post=4846"}],"version-history":[{"count":1,"href":"http:\/\/ipv.salta.gov.ar\/index.php?rest_route=\/wp\/v2\/posts\/4846\/revisions"}],"predecessor-version":[{"id":4848,"href":"http:\/\/ipv.salta.gov.ar\/index.php?rest_route=\/wp\/v2\/posts\/4846\/revisions\/4848"}],"wp:attachment":[{"href":"http:\/\/ipv.salta.gov.ar\/index.php?rest_route=%2Fwp%2Fv2%2Fmedia&parent=4846"}],"wp:term":[{"taxonomy":"category","embeddable":true,"href":"http:\/\/ipv.salta.gov.ar\/index.php?rest_route=%2Fwp%2Fv2%2Fcategories&post=4846"},{"taxonomy":"post_tag","embeddable":true,"href":"http:\/\/ipv.salta.gov.ar\/index.php?rest_route=%2Fwp%2Fv2%2Ftags&post=4846"}],"curies":[{"name":"wp","href":"https:\/\/api.w.org\/{rel}","templated":true}]}}