{"id":4858,"date":"2014-02-21T20:39:17","date_gmt":"2014-02-21T22:39:17","guid":{"rendered":"http:\/\/ipv.salta.gov.ar\/?p=4858"},"modified":"2014-02-24T08:40:35","modified_gmt":"2014-02-24T10:40:35","slug":"el-gobierno-mejora-las-viviendas-a-mas-de-900-familias-de-barrio-la-paz","status":"publish","type":"post","link":"http:\/\/ipv.salta.gov.ar\/?p=4858","title":{"rendered":"El Gobierno mejora las viviendas a m\u00e1s de 900 familias de barrio La Paz"},"content":{"rendered":"<p><strong><a href=\"http:\/\/ipv.salta.gov.ar\/wp-content\/uploads\/2014\/02\/gobernador_en_b\u00b0_la_paz.jpg\"><img decoding=\"async\" loading=\"lazy\" class=\"alignleft size-medium wp-image-4859\" alt=\"gobernador_en_b\u00b0_la_paz\" src=\"http:\/\/ipv.salta.gov.ar\/wp-content\/uploads\/2014\/02\/gobernador_en_b\u00b0_la_paz-300x193.jpg\" width=\"300\" height=\"193\" srcset=\"http:\/\/ipv.salta.gov.ar\/wp-content\/uploads\/2014\/02\/gobernador_en_b\u00b0_la_paz-300x193.jpg 300w, http:\/\/ipv.salta.gov.ar\/wp-content\/uploads\/2014\/02\/gobernador_en_b\u00b0_la_paz.jpg 560w\" sizes=\"(max-width: 300px) 100vw, 300px\" \/><\/a>Hoy se entregaron 50 m\u00f3dulos habitacionales que se construyeron en inmuebles de las personas beneficiadas que no pueden acceder al sistema de financiamiento para mejorar sus casas. En este barrio de la zona sureste se edificar\u00e1n en total 930 y con esta entrega hasta el momento 468 familias mejoraron su situaci\u00f3n habitacional.<\/strong><\/p>\n<p><!--more--><\/p>\n<p>El gobernador Juan Manuel Urtubey entreg\u00f3 esta tarde 50 m\u00f3dulos habitacionales ejecutados en el barrio La Paz, del sureste de la ciudad de Salta, que es una de las urbanizaciones que m\u00e1s creci\u00f3 en servicios durante los \u00faltimos a\u00f1os.<\/p>\n<p>\u201cEl perfil de obra de mi Gobierno es este. En vez de construir estas soluciones habitacionales en barrio La Paz podr\u00edamos haber hecho una obra monumental en alg\u00fan otro lugar y la gente pasar\u00eda y dir\u00eda qu\u00e9 obra grande que hizo el Gobierno\u201d, asegur\u00f3.<\/p>\n<p>Un mejoramiento habitacional tiene gran importante por la mejora en la calidad de vida de las familias y la pol\u00edtica de obra p\u00fablica desde hace seis a\u00f1os privilegia el alcance y beneficio social sobre el impacto visual que pueda generar.<\/p>\n<p>Con esta nueva entrega del programa Mejor Vivir, son 468 los m\u00f3dulos que ya finalizaron de los 930 que integran este proyecto destinado a familias de escasos recursos que no pueden acceder a financiamiento para mejorar sus viviendas. Las edificaciones se realizan en los terrenos de las familias beneficiadas con esta ayuda.<\/p>\n<p>Durante la entrega que se llev\u00f3 a cabo en el Sal\u00f3n de Usos M\u00faltiples del barrio, el gobernador Urtubey dijo que \u201cpara nosotros es importante este acto porque les queremos agradecer a cada uno de ustedes por confiar que a trav\u00e9s del Gobierno pod\u00edan mejorar su calidad de vida\u201d.<\/p>\n<p>\u201cQuiero agradecerle a la Presidenta de la Naci\u00f3n que colabora mucho con la Provincia en este tipo de programas\u201d, asegur\u00f3 el Gobernador quien defendi\u00f3 este tipo de iniciativas. \u201cA veces uno lee que se critican los mejoramientos habitacionales, que antes no se hac\u00edan en Salta, pero creemos que a aquel que vive precariamente, tener la posibilidad de tener su dormitorio o su ba\u00f1o le cambia la vida\u201d.<\/p>\n<p>Tambi\u00e9n participaron en la entrega de las carpetas t\u00e9cnicas a las familias, el diputado nacional Pablo Kosiner; el presidente de la C\u00e1mara de Diputados, Manuel Santiago Godoy; el intendente de la ciudad de Salta, Miguel Isa; y el presidente del Instituto Provincial de la Vivienda, Fernando Alesanco.<\/p>\n<p>El intendente Isa opin\u00f3 que en este barrio \u201chemos visto sufrimientos pero a la vez el progreso a partir de la decisi\u00f3n del gobernador Juan Manuel Urtubey de ayudar y dirigir toda su pol\u00edtica  a los que menos tienen, a los que m\u00e1s necesitan\u201d.<\/p>\n<p>Los 462 m\u00f3dulos que restan entregar de los 930 que conforman el proyecto para el barrio est\u00e1n en  plena ejecuci\u00f3n.<\/p>\n<p>Clara Arga\u00f1araz, residente en La Paz y que se benefici\u00f3 con la construcci\u00f3n de un m\u00f3dulo habitacional reconoci\u00f3 el crecimiento del barrio desde su formaci\u00f3n. \u201cGracias al gobernador mejor\u00f3 mucho nuestra forma de vida, s\u00f3lo nos falta el servicio de gas y creo que en poco tiempo lo tendremos\u201d, expres\u00f3.<\/p>\n<p>El gobernador Juan Manuel Urtubey entreg\u00f3 esta tarde 50 m\u00f3dulos habitacionales ejecutados en el barrio La Paz, del sureste de la ciudad de Salta, que es una de las urbanizaciones que m\u00e1s creci\u00f3 en servicios durante los \u00faltimos a\u00f1os.<\/p>\n<p>\u201cEl perfil de obra de mi Gobierno es este. En vez de construir estas soluciones habitacionales en barrio La Paz podr\u00edamos haber hecho una obra monumental en alg\u00fan otro lugar y la gente pasar\u00eda y dir\u00eda qu\u00e9 obra grande que hizo el Gobierno\u201d, asegur\u00f3.<\/p>\n<p>Un mejoramiento habitacional tiene gran importante por la mejora en la calidad de vida de las familias y la pol\u00edtica de obra p\u00fablica desde hace seis a\u00f1os privilegia el alcance y beneficio social sobre el impacto visual que pueda generar.<\/p>\n<p>Con esta nueva entrega del programa Mejor Vivir, son 468 los m\u00f3dulos que ya finalizaron de los 930 que integran este proyecto destinado a familias de escasos recursos que no pueden acceder a financiamiento para mejorar sus viviendas. Las edificaciones se realizan en los terrenos de las familias beneficiadas con esta ayuda.<\/p>\n<p>Durante la entrega que se llev\u00f3 a cabo en el Sal\u00f3n de Usos M\u00faltiples del barrio, el gobernador Urtubey dijo que \u201cpara nosotros es importante este acto porque les queremos agradecer a cada uno de ustedes por confiar que a trav\u00e9s del Gobierno pod\u00edan mejorar su calidad de vida\u201d.<\/p>\n<p>\u201cQuiero agradecerle a la Presidenta de la Naci\u00f3n que colabora mucho con la Provincia en este tipo de programas\u201d, asegur\u00f3 el Gobernador quien defendi\u00f3 este tipo de iniciativas. \u201cA veces uno lee que se critican los mejoramientos habitacionales, que antes no se hac\u00edan en Salta, pero creemos que a aquel que vive precariamente, tener la posibilidad de tener su dormitorio o su ba\u00f1o le cambia la vida\u201d.<\/p>\n<p>Tambi\u00e9n participaron en la entrega de las carpetas t\u00e9cnicas a las familias, el diputado nacional Pablo Kosiner; el presidente de la C\u00e1mara de Diputados, Manuel Santiago Godoy; el intendente de la ciudad de Salta, Miguel Isa; y el presidente del Instituto Provincial de la Vivienda, Fernando Alesanco.<\/p>\n<p>El intendente Isa opin\u00f3 que en este barrio \u201chemos visto sufrimientos pero a la vez el progreso a partir de la decisi\u00f3n del gobernador Juan Manuel Urtubey de ayudar y dirigir toda su pol\u00edtica  a los que menos tienen, a los que m\u00e1s necesitan\u201d.<\/p>\n<p>Los 462 m\u00f3dulos que restan entregar de los 930 que conforman el proyecto para el barrio est\u00e1n en  plena ejecuci\u00f3n.<\/p>\n<p>Clara Arga\u00f1araz, residente en La Paz y que se benefici\u00f3 con la construcci\u00f3n de un m\u00f3dulo habitacional reconoci\u00f3 el crecimiento del barrio desde su formaci\u00f3n. \u201cGracias al gobernador mejor\u00f3 mucho nuestra forma de vida, s\u00f3lo nos falta el servicio de gas y creo que en poco tiempo lo tendremos\u201d, expres\u00f3.<\/p>\n","protected":false},"excerpt":{"rendered":"<p>Hoy se entregaron 50 m\u00f3dulos habitacionales que se construyeron en inmuebles de las personas beneficiadas que no pueden acceder al sistema de financiamiento para mejorar sus casas. En este barrio de la zona sureste se edificar\u00e1n en total 930 y con esta entrega hasta el momento 468 familias mejoraron su situaci\u00f3n habitacional.<\/p>\n","protected":false},"author":3,"featured_media":0,"comment_status":"closed","ping_status":"open","sticky":false,"template":"","format":"standard","meta":{"footnotes":""},"categories":[4],"tags":[],"_links":{"self":[{"href":"http:\/\/ipv.salta.gov.ar\/index.php?rest_route=\/wp\/v2\/posts\/4858"}],"collection":[{"href":"http:\/\/ipv.salta.gov.ar\/index.php?rest_route=\/wp\/v2\/posts"}],"about":[{"href":"http:\/\/ipv.salta.gov.ar\/index.php?rest_route=\/wp\/v2\/types\/post"}],"author":[{"embeddable":true,"href":"http:\/\/ipv.salta.gov.ar\/index.php?rest_route=\/wp\/v2\/users\/3"}],"replies":[{"embeddable":true,"href":"http:\/\/ipv.salta.gov.ar\/index.php?rest_route=%2Fwp%2Fv2%2Fcomments&post=4858"}],"version-history":[{"count":1,"href":"http:\/\/ipv.salta.gov.ar\/index.php?rest_route=\/wp\/v2\/posts\/4858\/revisions"}],"predecessor-version":[{"id":4860,"href":"http:\/\/ipv.salta.gov.ar\/index.php?rest_route=\/wp\/v2\/posts\/4858\/revisions\/4860"}],"wp:attachment":[{"href":"http:\/\/ipv.salta.gov.ar\/index.php?rest_route=%2Fwp%2Fv2%2Fmedia&parent=4858"}],"wp:term":[{"taxonomy":"category","embeddable":true,"href":"http:\/\/ipv.salta.gov.ar\/index.php?rest_route=%2Fwp%2Fv2%2Fcategories&post=4858"},{"taxonomy":"post_tag","embeddable":true,"href":"http:\/\/ipv.salta.gov.ar\/index.php?rest_route=%2Fwp%2Fv2%2Ftags&post=4858"}],"curies":[{"name":"wp","href":"https:\/\/api.w.org\/{rel}","templated":true}]}}