{"id":4870,"date":"2014-02-25T13:51:26","date_gmt":"2014-02-25T15:51:26","guid":{"rendered":"http:\/\/ipv.salta.gov.ar\/?p=4870"},"modified":"2014-02-25T13:51:26","modified_gmt":"2014-02-25T15:51:26","slug":"funcionarios-provinciales-verificaran-obras-en-barrio-la-paz","status":"publish","type":"post","link":"http:\/\/ipv.salta.gov.ar\/?p=4870","title":{"rendered":"Funcionarios provinciales verificar\u00e1n obras en barrio La Paz"},"content":{"rendered":"<p><strong><a href=\"http:\/\/ipv.salta.gov.ar\/wp-content\/uploads\/2014\/02\/IMAG0211.jpg\"><img decoding=\"async\" loading=\"lazy\" class=\"alignleft size-medium wp-image-4871\" alt=\"IMAG0211\" src=\"http:\/\/ipv.salta.gov.ar\/wp-content\/uploads\/2014\/02\/IMAG0211-300x200.jpg\" width=\"300\" height=\"200\" srcset=\"http:\/\/ipv.salta.gov.ar\/wp-content\/uploads\/2014\/02\/IMAG0211-300x200.jpg 300w, http:\/\/ipv.salta.gov.ar\/wp-content\/uploads\/2014\/02\/IMAG0211-1024x682.jpg 1024w\" sizes=\"(max-width: 300px) 100vw, 300px\" \/><\/a>El presidente del Instituto Provincial de Vivienda, Fernando Alesanco, y el subsecretario de Financiamiento, Ignacio Racciopi, verificar\u00e1n esta tarde a partir de las 17, las obras que se ejecutan en barrio La Paz.<\/strong><\/p>\n<p><!--more--><\/p>\n<p>El presidente del Instituto Provincial de Vivienda Fernando Alesanco y el Sub secretario de Financiamiento Ignacio Racciopi verificar\u00e1n esta tarde a partir de las 17 horas, las obras que se ejecutan en barrio La Paz, ubicado al sudeste de la Ciudad.<\/p>\n<p>El IPV construye m\u00f3dulos habitacionales en el barrio que ayudar\u00e1n a completar las viviendas ya existentes, los trabajos consisten en la ejecuci\u00f3n de ba\u00f1o, cocina o dormitorios seg\u00fan la necesidad del grupo familiar.<br \/>\nEn total son 930 las soluciones habitacionales, de las cuales 468 ya fueron concluidas y entregadas, quedando en ejecuci\u00f3n 462 m\u00f3dulos.<br \/>\nPor otra parte, los funcionarios provinciales visitar\u00e1n las obras que se realizaron por medio de la Sub secretaria de Financiamiento y que los vecinos ya disfrutan de ellas como el sal\u00f3n de usos m\u00faltiples, plazas y espacios verdes en distintos puntos del barrio, juegos integradores, aer\u00f3bicos e infantiles. Adem\u00e1s supervisar\u00e1n el correcto estado de bocacalles, badenes, cestos para residuos domiciliarios y comunitarios, arbolado p\u00fablico y playones deportivos.<\/p>\n","protected":false},"excerpt":{"rendered":"<p>El presidente del Instituto Provincial de Vivienda, Fernando Alesanco, y el subsecretario de Financiamiento, Ignacio Racciopi, verificar\u00e1n esta tarde a partir de las 17, las obras que se ejecutan en barrio La Paz.<\/p>\n","protected":false},"author":3,"featured_media":0,"comment_status":"closed","ping_status":"open","sticky":false,"template":"","format":"standard","meta":{"footnotes":""},"categories":[4],"tags":[],"_links":{"self":[{"href":"http:\/\/ipv.salta.gov.ar\/index.php?rest_route=\/wp\/v2\/posts\/4870"}],"collection":[{"href":"http:\/\/ipv.salta.gov.ar\/index.php?rest_route=\/wp\/v2\/posts"}],"about":[{"href":"http:\/\/ipv.salta.gov.ar\/index.php?rest_route=\/wp\/v2\/types\/post"}],"author":[{"embeddable":true,"href":"http:\/\/ipv.salta.gov.ar\/index.php?rest_route=\/wp\/v2\/users\/3"}],"replies":[{"embeddable":true,"href":"http:\/\/ipv.salta.gov.ar\/index.php?rest_route=%2Fwp%2Fv2%2Fcomments&post=4870"}],"version-history":[{"count":2,"href":"http:\/\/ipv.salta.gov.ar\/index.php?rest_route=\/wp\/v2\/posts\/4870\/revisions"}],"predecessor-version":[{"id":4873,"href":"http:\/\/ipv.salta.gov.ar\/index.php?rest_route=\/wp\/v2\/posts\/4870\/revisions\/4873"}],"wp:attachment":[{"href":"http:\/\/ipv.salta.gov.ar\/index.php?rest_route=%2Fwp%2Fv2%2Fmedia&parent=4870"}],"wp:term":[{"taxonomy":"category","embeddable":true,"href":"http:\/\/ipv.salta.gov.ar\/index.php?rest_route=%2Fwp%2Fv2%2Fcategories&post=4870"},{"taxonomy":"post_tag","embeddable":true,"href":"http:\/\/ipv.salta.gov.ar\/index.php?rest_route=%2Fwp%2Fv2%2Ftags&post=4870"}],"curies":[{"name":"wp","href":"https:\/\/api.w.org\/{rel}","templated":true}]}}