{"id":4879,"date":"2014-02-26T12:27:42","date_gmt":"2014-02-26T14:27:42","guid":{"rendered":"http:\/\/ipv.salta.gov.ar\/?p=4879"},"modified":"2014-02-26T12:27:42","modified_gmt":"2014-02-26T14:27:42","slug":"a-partir-de-abril-la-cuota-del-ipv-estara-incluida-en-la-boleta-de-edesa","status":"publish","type":"post","link":"http:\/\/ipv.salta.gov.ar\/?p=4879","title":{"rendered":"A partir de abril, la cuota del IPV estar\u00e1 incluida en la boleta de EDESA"},"content":{"rendered":"<p style=\"text-align: justify;\"><strong><a href=\"http:\/\/ipv.salta.gov.ar\/wp-content\/uploads\/2014\/02\/conv.-edesa.jpg\"><img decoding=\"async\" loading=\"lazy\" class=\"alignleft size-medium wp-image-4880\" alt=\"conv. edesa\" src=\"http:\/\/ipv.salta.gov.ar\/wp-content\/uploads\/2014\/02\/conv.-edesa-300x197.jpg\" width=\"300\" height=\"197\" srcset=\"http:\/\/ipv.salta.gov.ar\/wp-content\/uploads\/2014\/02\/conv.-edesa-300x197.jpg 300w, http:\/\/ipv.salta.gov.ar\/wp-content\/uploads\/2014\/02\/conv.-edesa-1024x673.jpg 1024w\" sizes=\"(max-width: 300px) 100vw, 300px\" \/><\/a>Los adjudicatarios podr\u00e1n pagar la cuota de su vivienda a trav\u00e9s de la boleta de luz, para disminuir la morosidad y acelerar el proceso de cancelaci\u00f3n de deudas<\/strong><\/p>\n<p style=\"text-align: justify;\"><!--more--><\/p>\n<p style=\"text-align: justify;\">El presidente del Instituto Provincial de Vivienda, Fernando Alesanco, rubric\u00f3 este mediod\u00eda un convenio con autoridades de la empresa distribuidora de electricidad EDESA por la inclusi\u00f3n del importe de la cuota del organismo en la boleta de luz, lo que permitir\u00e1 disminuir la morosidad, entre otros beneficios.<\/p>\n<p style=\"text-align: justify;\">A partir de la cuota con vencimiento en abril, el 75% de los adjudicatarios del IPV abonar\u00e1n el pago mensual a trav\u00e9s de la implementaci\u00f3n de este nuevo sistema, esperando cubrir en poco tiempo el 100% de las cuentas. Cabe destacar que las cuentas adheridas al d\u00e9bito autom\u00e1tico seguir\u00e1n con la misma modalidad y no se modificar\u00e1 adem\u00e1s de continuar con el beneficio de descuento del 10%.<\/p>\n<p style=\"text-align: justify;\">El convenio se concret\u00f3 con el fin de facilitar el pago a los beneficiarios, sobre todo en el interior, adem\u00e1s de disminuir el \u00edndice de morosidad que actualmente registra el instituto, teniendo en cuenta que este es un sistema solidario y el recupero permite la edificaci\u00f3n de nuevas viviendas.<\/p>\n<p style=\"text-align: justify;\">Se informa a las familias adjudicadas que durante los pr\u00f3ximos meses seguir\u00e1n llegando a sus domicilios las boletas emitidas por el IPV, por ello se solicita a los mismos prestar especial atenci\u00f3n si la cuota no est\u00e1 incluida en la factura de la luz, como as\u00ed tambi\u00e9n si presentan alg\u00fan inconveniente con la nueva modalidad de pago podr\u00e1n desdoblar la factura en las oficinas de EDESA.<\/p>\n<p style=\"text-align: justify;\">Esta nueva modalidad no modifica los beneficios que los adjudicatarios poseen por el cumplimiento del pago de sus cuotas en tiempo y forma. Como por ejemplo los sorteos bimestrales de \u201cCumpl\u00eds y Ganas\u201d, con premios que reducen las cuotas hasta la cancelaci\u00f3n de la vivienda o la bonificaci\u00f3n de una cuota por cada 12 abonadas de manera consecutiva y en t\u00e9rmino.<\/p>\n<p style=\"text-align: justify;\">El titular del IPV expres\u00f3 que \u201cesta metodolog\u00eda agilizar\u00e1 el servicio de cobranza y permitir\u00e1 en el interior concretar los pagos, ya que en muchos casos exist\u00eda la voluntad de pago que no se llegaban a concretar por la falta de alternativas en las cobranzas\u201d y finaliz\u00f3 diciendo \u201ctambi\u00e9n nos permitir\u00e1 detectar irregularidades en las viviendas, como la falta de habitabilidad, el alquiler o venta del inmueble\u201d.<\/p>\n<p style=\"text-align: justify;\">Participaron de la firma el Coordinador Ejecutivo del IPV Carlos Joya, el responsable del \u00e1rea legal del IPV Jos\u00e9 Hubaide, el Gerente del \u00e1rea de Control de Gesti\u00f3n del IPV Esteban Cha, el Director de Asuntos Corporativos de Edesa Julio Usandivaras y el Gerente de Finanzas, Administraci\u00f3n y Seguro de Edesa Gustavo Allende.<\/p>\n","protected":false},"excerpt":{"rendered":"<p>Los adjudicatarios podr\u00e1n pagar la cuota de su vivienda a trav\u00e9s de la boleta de luz, para disminuir la morosidad y acelerar el proceso de cancelaci\u00f3n de deudas<\/p>\n","protected":false},"author":3,"featured_media":0,"comment_status":"closed","ping_status":"open","sticky":false,"template":"","format":"standard","meta":{"footnotes":""},"categories":[4],"tags":[],"_links":{"self":[{"href":"http:\/\/ipv.salta.gov.ar\/index.php?rest_route=\/wp\/v2\/posts\/4879"}],"collection":[{"href":"http:\/\/ipv.salta.gov.ar\/index.php?rest_route=\/wp\/v2\/posts"}],"about":[{"href":"http:\/\/ipv.salta.gov.ar\/index.php?rest_route=\/wp\/v2\/types\/post"}],"author":[{"embeddable":true,"href":"http:\/\/ipv.salta.gov.ar\/index.php?rest_route=\/wp\/v2\/users\/3"}],"replies":[{"embeddable":true,"href":"http:\/\/ipv.salta.gov.ar\/index.php?rest_route=%2Fwp%2Fv2%2Fcomments&post=4879"}],"version-history":[{"count":1,"href":"http:\/\/ipv.salta.gov.ar\/index.php?rest_route=\/wp\/v2\/posts\/4879\/revisions"}],"predecessor-version":[{"id":4881,"href":"http:\/\/ipv.salta.gov.ar\/index.php?rest_route=\/wp\/v2\/posts\/4879\/revisions\/4881"}],"wp:attachment":[{"href":"http:\/\/ipv.salta.gov.ar\/index.php?rest_route=%2Fwp%2Fv2%2Fmedia&parent=4879"}],"wp:term":[{"taxonomy":"category","embeddable":true,"href":"http:\/\/ipv.salta.gov.ar\/index.php?rest_route=%2Fwp%2Fv2%2Fcategories&post=4879"},{"taxonomy":"post_tag","embeddable":true,"href":"http:\/\/ipv.salta.gov.ar\/index.php?rest_route=%2Fwp%2Fv2%2Ftags&post=4879"}],"curies":[{"name":"wp","href":"https:\/\/api.w.org\/{rel}","templated":true}]}}