{"id":4905,"date":"2014-03-08T20:11:28","date_gmt":"2014-03-08T22:11:28","guid":{"rendered":"http:\/\/ipv.salta.gov.ar\/?p=4905"},"modified":"2014-03-10T10:14:48","modified_gmt":"2014-03-10T12:14:48","slug":"institutos-de-vivienda-del-noa-debatieron-costos-presupuestos-y-cupos-de-las-viviendas-sociales-en-la-region","status":"publish","type":"post","link":"http:\/\/ipv.salta.gov.ar\/?p=4905","title":{"rendered":"Institutos de Vivienda del NOA debatieron costos, presupuestos y cupos de las viviendas sociales en la regi\u00f3n"},"content":{"rendered":"<p><strong><a href=\"http:\/\/ipv.salta.gov.ar\/wp-content\/uploads\/2014\/03\/IMG_0440.jpg\"><img decoding=\"async\" loading=\"lazy\" class=\"alignleft size-medium wp-image-4906\" alt=\"IMG_0440\" src=\"http:\/\/ipv.salta.gov.ar\/wp-content\/uploads\/2014\/03\/IMG_0440-300x200.jpg\" width=\"300\" height=\"200\" srcset=\"http:\/\/ipv.salta.gov.ar\/wp-content\/uploads\/2014\/03\/IMG_0440-300x200.jpg 300w, http:\/\/ipv.salta.gov.ar\/wp-content\/uploads\/2014\/03\/IMG_0440-1024x682.jpg 1024w\" sizes=\"(max-width: 300px) 100vw, 300px\" \/><\/a>Sugirieron un \u00fanico valor zonal para la construcci\u00f3n de viviendas y analizaron los cupos de viviendas establecidos en cada provincia.<\/strong><\/p>\n<p><!--more--><\/p>\n<p>El presidente del Instituto Provincial de Vivienda Fernando Alesanco encabez\u00f3 ayer la reuni\u00f3n con representantes del NOA, pertenecientes a los IPV de las provincias de Tucum\u00e1n, Santiago del Estero y Jujuy para debatir temas de costos, presupuestos y cupos en la construcci\u00f3n de viviendas.<\/p>\n<p>En la oportunidad, la comisi\u00f3n t\u00e9cnica zonal analiz\u00f3 y expuso los diferentes costos y presupuestos que cada provincia maneja en la construcci\u00f3n de viviendas; de esta manera acordaron presentar ante Naci\u00f3n un \u00fanico valor de la regi\u00f3n NOA.<\/p>\n<p>A pesar de las diferencias constructivas entre una provincia y otra, se lleg\u00f3 a la conclusi\u00f3n de que es de vital importancia acordar un \u00fanico valor zonal en la construcci\u00f3n de viviendas para solicitar ante Naci\u00f3n una mejora en los precios.<\/p>\n<p>Adem\u00e1s se debati\u00f3 acerca de los cupos establecidos por ley que cada organismo establece. En el caso de Salta, Alesanco inform\u00f3 que se trabaja con la reglamentaci\u00f3n vigente y que se cumple con el cupo de un 10% para familias que presentan discapacidad en el grupo familiar y hasta un 20% a los antiguos inscriptos, los cuales acceden en forma directa a la adjudicaci\u00f3n.<\/p>\n<p>Participaron de la reuni\u00f3n Alicia Pasqui jefa de proyectos, Sergio Hern\u00e1ndez coordinador de vivienda y Gladys Salom\u00f3n directora de gerencia social de Tucum\u00e1n; Silvia Fern\u00e1ndez Asesora Institucional y Carmen In\u00e9s Romero jefa de adjudicaci\u00f3n de Jujuy; Carlos G\u00f3mez y  H\u00e9ctor Luis Rodr\u00edguez de c\u00f3mputo y presupuesto de Santiago del Estero; Alicia Galli coordinadora t\u00e9cnica, Carlos Joya coordinador ejecutivo, Vicente Gallipoli gerente de proyectos, Fernando Zalazar gerente de obras, Mariano Rold\u00e1n gerente social, Liliana B\u00e1ez t\u00e9cnica social y Ram\u00f3n Zelarayan t\u00e9cnico de obras, todos ellos de la provincia de Salta.<\/p>\n","protected":false},"excerpt":{"rendered":"<p>Sugirieron un \u00fanico valor zonal para la construcci\u00f3n de viviendas y analizaron los cupos de viviendas establecidos en cada provincia.<\/p>\n","protected":false},"author":3,"featured_media":0,"comment_status":"closed","ping_status":"open","sticky":false,"template":"","format":"standard","meta":{"footnotes":""},"categories":[4],"tags":[],"_links":{"self":[{"href":"http:\/\/ipv.salta.gov.ar\/index.php?rest_route=\/wp\/v2\/posts\/4905"}],"collection":[{"href":"http:\/\/ipv.salta.gov.ar\/index.php?rest_route=\/wp\/v2\/posts"}],"about":[{"href":"http:\/\/ipv.salta.gov.ar\/index.php?rest_route=\/wp\/v2\/types\/post"}],"author":[{"embeddable":true,"href":"http:\/\/ipv.salta.gov.ar\/index.php?rest_route=\/wp\/v2\/users\/3"}],"replies":[{"embeddable":true,"href":"http:\/\/ipv.salta.gov.ar\/index.php?rest_route=%2Fwp%2Fv2%2Fcomments&post=4905"}],"version-history":[{"count":1,"href":"http:\/\/ipv.salta.gov.ar\/index.php?rest_route=\/wp\/v2\/posts\/4905\/revisions"}],"predecessor-version":[{"id":4907,"href":"http:\/\/ipv.salta.gov.ar\/index.php?rest_route=\/wp\/v2\/posts\/4905\/revisions\/4907"}],"wp:attachment":[{"href":"http:\/\/ipv.salta.gov.ar\/index.php?rest_route=%2Fwp%2Fv2%2Fmedia&parent=4905"}],"wp:term":[{"taxonomy":"category","embeddable":true,"href":"http:\/\/ipv.salta.gov.ar\/index.php?rest_route=%2Fwp%2Fv2%2Fcategories&post=4905"},{"taxonomy":"post_tag","embeddable":true,"href":"http:\/\/ipv.salta.gov.ar\/index.php?rest_route=%2Fwp%2Fv2%2Ftags&post=4905"}],"curies":[{"name":"wp","href":"https:\/\/api.w.org\/{rel}","templated":true}]}}