{"id":4913,"date":"2014-03-13T14:30:39","date_gmt":"2014-03-13T16:30:39","guid":{"rendered":"http:\/\/ipv.salta.gov.ar\/?p=4913"},"modified":"2014-03-13T14:30:39","modified_gmt":"2014-03-13T16:30:39","slug":"la-provincia-completa-manana-la-entrega-de-viviendas-a-familias-de-la-zona-norte-de-la-ciudad","status":"publish","type":"post","link":"http:\/\/ipv.salta.gov.ar\/?p=4913","title":{"rendered":"La Provincia completa ma\u00f1ana la entrega de viviendas a familias de la zona norte de la ciudad"},"content":{"rendered":"<p style=\"text-align: justify;\"><strong><a href=\"http:\/\/ipv.salta.gov.ar\/wp-content\/uploads\/2014\/03\/velodromo.jpg\"><img decoding=\"async\" loading=\"lazy\" class=\"alignleft size-medium wp-image-4914\" alt=\"velodromo\" src=\"http:\/\/ipv.salta.gov.ar\/wp-content\/uploads\/2014\/03\/velodromo-300x174.jpg\" width=\"300\" height=\"174\" srcset=\"http:\/\/ipv.salta.gov.ar\/wp-content\/uploads\/2014\/03\/velodromo-300x174.jpg 300w, http:\/\/ipv.salta.gov.ar\/wp-content\/uploads\/2014\/03\/velodromo-1024x594.jpg 1024w, http:\/\/ipv.salta.gov.ar\/wp-content\/uploads\/2014\/03\/velodromo.jpg 1382w\" sizes=\"(max-width: 300px) 100vw, 300px\" \/><\/a>Se trata de 18 unidades habitacionales sobre un total de 58 viviendas, de las cuales 3 est\u00e1n acondicionadas para personas con discapacidad. Se ubican en la zona del ex Vel\u00f3dromo y corresponden al programa federal Techo Digno.<\/strong><\/p>\n<p style=\"text-align: justify;\"><!--more--><\/p>\n<p style=\"text-align: justify;\">Con la entrega de estas \u00faltimas 18 unidades habitacionales, se completa la totalidad del barrio compuesto por 58 viviendas. Tres de ellas est\u00e1n adaptadas para personas con discapacidad.<\/p>\n<p>El Instituto Provincial de Vivienda ma\u00f1ana viernes a las 19 realizar\u00e1 la entrega de 18 nuevas viviendas correspondientes al programa federal Techo Digno. Las casas est\u00e1n ubicadas en el ex Vel\u00f3dromo, zona norte de la ciudad.<\/p>\n<p>El pasado mes de diciembre se realiz\u00f3 la entrega de la primera etapa por 40 unidades y que con este nuevo grupo se completar\u00e1 la totalidad del barrio. Tres de las viviendas est\u00e1n adaptadas para casos de discapacidad motriz.<\/p>\n<p>Las casas cuentan con estarcomedor, dos dormitorios, cocina, ba\u00f1o y lavadero externo. Adem\u00e1s de los servicios de red de agua, el\u00e9ctrica (con alumbrado p\u00fablico), cloaca, gas, veredas municipales, cord\u00f3n cuneta y enripiado de calles.<\/p>\n","protected":false},"excerpt":{"rendered":"<p>Se trata de 18 unidades habitacionales sobre un total de 58 viviendas, de las cuales 3 est\u00e1n acondicionadas para personas con discapacidad. Se ubican en la zona del ex Vel\u00f3dromo y corresponden al programa federal Techo Digno.<\/p>\n","protected":false},"author":3,"featured_media":0,"comment_status":"closed","ping_status":"open","sticky":false,"template":"","format":"standard","meta":{"footnotes":""},"categories":[4],"tags":[],"_links":{"self":[{"href":"http:\/\/ipv.salta.gov.ar\/index.php?rest_route=\/wp\/v2\/posts\/4913"}],"collection":[{"href":"http:\/\/ipv.salta.gov.ar\/index.php?rest_route=\/wp\/v2\/posts"}],"about":[{"href":"http:\/\/ipv.salta.gov.ar\/index.php?rest_route=\/wp\/v2\/types\/post"}],"author":[{"embeddable":true,"href":"http:\/\/ipv.salta.gov.ar\/index.php?rest_route=\/wp\/v2\/users\/3"}],"replies":[{"embeddable":true,"href":"http:\/\/ipv.salta.gov.ar\/index.php?rest_route=%2Fwp%2Fv2%2Fcomments&post=4913"}],"version-history":[{"count":1,"href":"http:\/\/ipv.salta.gov.ar\/index.php?rest_route=\/wp\/v2\/posts\/4913\/revisions"}],"predecessor-version":[{"id":4915,"href":"http:\/\/ipv.salta.gov.ar\/index.php?rest_route=\/wp\/v2\/posts\/4913\/revisions\/4915"}],"wp:attachment":[{"href":"http:\/\/ipv.salta.gov.ar\/index.php?rest_route=%2Fwp%2Fv2%2Fmedia&parent=4913"}],"wp:term":[{"taxonomy":"category","embeddable":true,"href":"http:\/\/ipv.salta.gov.ar\/index.php?rest_route=%2Fwp%2Fv2%2Fcategories&post=4913"},{"taxonomy":"post_tag","embeddable":true,"href":"http:\/\/ipv.salta.gov.ar\/index.php?rest_route=%2Fwp%2Fv2%2Ftags&post=4913"}],"curies":[{"name":"wp","href":"https:\/\/api.w.org\/{rel}","templated":true}]}}