{"id":4968,"date":"2014-04-10T10:33:37","date_gmt":"2014-04-10T12:33:37","guid":{"rendered":"http:\/\/ipv.salta.gov.ar\/?p=4968"},"modified":"2014-04-14T10:46:42","modified_gmt":"2014-04-14T12:46:42","slug":"el-norte-de-la-provincia-se-beneficiara-con-obras-habitacionales","status":"publish","type":"post","link":"http:\/\/ipv.salta.gov.ar\/?p=4968","title":{"rendered":"El norte de la Provincia se beneficiar\u00e1 con obras habitacionales"},"content":{"rendered":"<p><strong><a href=\"http:\/\/ipv.salta.gov.ar\/wp-content\/uploads\/2014\/04\/websalta-ipv-9-abril.jpg\"><img decoding=\"async\" loading=\"lazy\" class=\"alignleft size-medium wp-image-4969\" alt=\"websalta-ipv-9-abril\" src=\"http:\/\/ipv.salta.gov.ar\/wp-content\/uploads\/2014\/04\/websalta-ipv-9-abril-300x193.jpg\" width=\"300\" height=\"193\" srcset=\"http:\/\/ipv.salta.gov.ar\/wp-content\/uploads\/2014\/04\/websalta-ipv-9-abril-300x193.jpg 300w, http:\/\/ipv.salta.gov.ar\/wp-content\/uploads\/2014\/04\/websalta-ipv-9-abril.jpg 560w\" sizes=\"(max-width: 300px) 100vw, 300px\" \/><\/a>Las obras se llevar\u00e1n a cabo con fondos provinciales. La mano de obra estar\u00e1 a cargo del Instituto Provincial de Pueblos Ind\u00edgenas de Salta, quienes tambi\u00e9n proporcionar\u00e1n los terrenos con redes de agua y luz para la construcci\u00f3n.<\/strong><\/p>\n<p><!--more--><\/p>\n<p>El presidente del Instituto Provincial de Vivienda (IPV) Fernando Alesanco rubric\u00f3 dos convenios con su par del Instituto Provincial de Pueblos Ind\u00edgenas de Salta (IPPIS) Enrique Arello, para la construcci\u00f3n de 50 Recuperaciones y 50 N\u00facleos H\u00famedos para las localidades de Or\u00e1n, Pichanal, Urundel, Tartagal y Santa Victoria Este, seg\u00fan corresponda.<\/p>\n<p>Con una inversi\u00f3n de $616.650 se construir\u00e1n 20 n\u00facleos h\u00famedos en Or\u00e1n, 10 en Pichanal y 20 en Urundel. Los mismos tienen por objetivo erradicar letrinas y dotar de un sanitario b\u00e1sico a las familias de escasos recursos de dichas localidades.<\/p>\n<p>Tambi\u00e9n se rubric\u00f3 un acuerdo por la construcci\u00f3n de 50 Recuperaciones que se ejecutar\u00e1n: 30 en Tartagal y 20 en Santa Victoria Este, para estas obras la Provincia invertir\u00e1 $2.455.000.<\/p>\n<p>Ambas obras se llevar\u00e1n a cabo con fondos provinciales y tanto el material como la mano de obra estar\u00e1n a cargo del IPPIS, quienes tambi\u00e9n proporcionar\u00e1n los terrenos con redes de agua y luz para la construcci\u00f3n.<\/p>\n","protected":false},"excerpt":{"rendered":"<p>Las obras se llevar\u00e1n a cabo con fondos provinciales. La mano de obra estar\u00e1 a cargo del Instituto Provincial de Pueblos Ind\u00edgenas de Salta, quienes tambi\u00e9n proporcionar\u00e1n los terrenos con redes de agua y luz para la construcci\u00f3n.<\/p>\n","protected":false},"author":3,"featured_media":0,"comment_status":"closed","ping_status":"open","sticky":false,"template":"","format":"standard","meta":{"footnotes":""},"categories":[4],"tags":[],"_links":{"self":[{"href":"http:\/\/ipv.salta.gov.ar\/index.php?rest_route=\/wp\/v2\/posts\/4968"}],"collection":[{"href":"http:\/\/ipv.salta.gov.ar\/index.php?rest_route=\/wp\/v2\/posts"}],"about":[{"href":"http:\/\/ipv.salta.gov.ar\/index.php?rest_route=\/wp\/v2\/types\/post"}],"author":[{"embeddable":true,"href":"http:\/\/ipv.salta.gov.ar\/index.php?rest_route=\/wp\/v2\/users\/3"}],"replies":[{"embeddable":true,"href":"http:\/\/ipv.salta.gov.ar\/index.php?rest_route=%2Fwp%2Fv2%2Fcomments&post=4968"}],"version-history":[{"count":1,"href":"http:\/\/ipv.salta.gov.ar\/index.php?rest_route=\/wp\/v2\/posts\/4968\/revisions"}],"predecessor-version":[{"id":4970,"href":"http:\/\/ipv.salta.gov.ar\/index.php?rest_route=\/wp\/v2\/posts\/4968\/revisions\/4970"}],"wp:attachment":[{"href":"http:\/\/ipv.salta.gov.ar\/index.php?rest_route=%2Fwp%2Fv2%2Fmedia&parent=4968"}],"wp:term":[{"taxonomy":"category","embeddable":true,"href":"http:\/\/ipv.salta.gov.ar\/index.php?rest_route=%2Fwp%2Fv2%2Fcategories&post=4968"},{"taxonomy":"post_tag","embeddable":true,"href":"http:\/\/ipv.salta.gov.ar\/index.php?rest_route=%2Fwp%2Fv2%2Ftags&post=4968"}],"curies":[{"name":"wp","href":"https:\/\/api.w.org\/{rel}","templated":true}]}}