{"id":5473,"date":"2014-08-14T10:28:01","date_gmt":"2014-08-14T13:28:01","guid":{"rendered":"http:\/\/ipv.salta.gov.ar\/?p=5473"},"modified":"2014-08-14T10:28:01","modified_gmt":"2014-08-14T13:28:01","slug":"coordinan-acciones-a-favor-de-la-limpieza-y-contra-la-inseguridad","status":"publish","type":"post","link":"http:\/\/ipv.salta.gov.ar\/?p=5473","title":{"rendered":"Coordinan acciones a favor de la limpieza y contra la inseguridad"},"content":{"rendered":"<p style=\"text-align: justify;\"><strong><a href=\"http:\/\/ipv.salta.gov.ar\/wp-content\/uploads\/2014\/08\/web-isa-posadas-13-agosto2.jpg\"><img decoding=\"async\" loading=\"lazy\" class=\"alignnone size-medium wp-image-5475\" src=\"http:\/\/ipv.salta.gov.ar\/wp-content\/uploads\/2014\/08\/web-isa-posadas-13-agosto2-300x193.jpg\" alt=\"web-isa-posadas-13-agosto2\" width=\"300\" height=\"193\" srcset=\"http:\/\/ipv.salta.gov.ar\/wp-content\/uploads\/2014\/08\/web-isa-posadas-13-agosto2-300x193.jpg 300w, http:\/\/ipv.salta.gov.ar\/wp-content\/uploads\/2014\/08\/web-isa-posadas-13-agosto2.jpg 560w\" sizes=\"(max-width: 300px) 100vw, 300px\" \/><\/a><\/strong><\/p>\n<p style=\"text-align: justify;\"><strong>El Instituto Provincial de la Vivienda y la Municipalidad de Salta trabajar\u00e1n en el desmalezamiento de terrenos en los que se construyen casas.<\/strong><\/p>\n<p style=\"text-align: justify;\"><!--more--><\/p>\n<p style=\"text-align: justify;\">\u201cLa limpieza permitir\u00e1 tener en buen estado de conservaci\u00f3n los terrenos, pero fundamentalmente garantizar\u00e1 mayor seguridad a los vecinos de las zonas elegidas\u201d, dijo el interventor del IPV, Mat\u00edas Posadas.<\/p>\n<p style=\"text-align: justify;\">A ese efecto, Posadas firm\u00f3 un convenio con el Intendente de la Capital, Miguel Isa, que permitir\u00e1 avanzar en el desmalezamiento de terrenos del IPV.<\/p>\n<p style=\"text-align: justify;\">Los trabajos de limpieza se realizar\u00e1n en una primera etapa en una superficie de 22 hect\u00e1reas, que comprenden distintos predios en los que se ejecutan o existen casas del IPV.<\/p>\n<p style=\"text-align: justify;\">En ese sentido, Posadas destac\u00f3 el trabajo coordinado que realiza el organismo provincial junto al intendente Miguel Isa y los funcionarios municipales de su gabinete. Asegur\u00f3 que \u201ccon la ayuda de la Municipalidad, vamos a mantener los espacios limpios y en buen estado de conservaci\u00f3n y evitar la creaci\u00f3n de micro basurales\u201d.<\/p>\n<p style=\"text-align: justify;\">Finalmente, el funcionario adelant\u00f3 que el IPV se encuentra trabajando en el dise\u00f1o de un plan de aprovechamiento de espacios verdes, para la futura construcci\u00f3n de plazas, ya que asumir\u00e1 esa responsabilidad a partir de un plan que ser\u00e1 anunciado formalmente por el gobernador Juan Manuel Urtubey.<\/p>\n","protected":false},"excerpt":{"rendered":"<p>El Instituto Provincial de la Vivienda y la Municipalidad de Salta trabajar\u00e1n en el desmalezamiento de terrenos en los que se construyen casas.<\/p>\n","protected":false},"author":3,"featured_media":5475,"comment_status":"closed","ping_status":"open","sticky":false,"template":"","format":"standard","meta":{"footnotes":""},"categories":[4,49],"tags":[],"_links":{"self":[{"href":"http:\/\/ipv.salta.gov.ar\/index.php?rest_route=\/wp\/v2\/posts\/5473"}],"collection":[{"href":"http:\/\/ipv.salta.gov.ar\/index.php?rest_route=\/wp\/v2\/posts"}],"about":[{"href":"http:\/\/ipv.salta.gov.ar\/index.php?rest_route=\/wp\/v2\/types\/post"}],"author":[{"embeddable":true,"href":"http:\/\/ipv.salta.gov.ar\/index.php?rest_route=\/wp\/v2\/users\/3"}],"replies":[{"embeddable":true,"href":"http:\/\/ipv.salta.gov.ar\/index.php?rest_route=%2Fwp%2Fv2%2Fcomments&post=5473"}],"version-history":[{"count":2,"href":"http:\/\/ipv.salta.gov.ar\/index.php?rest_route=\/wp\/v2\/posts\/5473\/revisions"}],"predecessor-version":[{"id":5476,"href":"http:\/\/ipv.salta.gov.ar\/index.php?rest_route=\/wp\/v2\/posts\/5473\/revisions\/5476"}],"wp:featuredmedia":[{"embeddable":true,"href":"http:\/\/ipv.salta.gov.ar\/index.php?rest_route=\/wp\/v2\/media\/5475"}],"wp:attachment":[{"href":"http:\/\/ipv.salta.gov.ar\/index.php?rest_route=%2Fwp%2Fv2%2Fmedia&parent=5473"}],"wp:term":[{"taxonomy":"category","embeddable":true,"href":"http:\/\/ipv.salta.gov.ar\/index.php?rest_route=%2Fwp%2Fv2%2Fcategories&post=5473"},{"taxonomy":"post_tag","embeddable":true,"href":"http:\/\/ipv.salta.gov.ar\/index.php?rest_route=%2Fwp%2Fv2%2Ftags&post=5473"}],"curies":[{"name":"wp","href":"https:\/\/api.w.org\/{rel}","templated":true}]}}