{"id":5496,"date":"2014-08-15T14:08:55","date_gmt":"2014-08-15T17:08:55","guid":{"rendered":"http:\/\/ipv.salta.gov.ar\/?p=5496"},"modified":"2014-08-15T14:10:43","modified_gmt":"2014-08-15T17:10:43","slug":"revista-consejo-nacional-de-la-vivienda-no-43","status":"publish","type":"post","link":"http:\/\/ipv.salta.gov.ar\/?p=5496","title":{"rendered":"Revista Consejo Nacional de la Vivienda N\u00ba 43"},"content":{"rendered":"<p><a href=\"http:\/\/ipv.salta.gov.ar\/wp-content\/uploads\/2014\/08\/banner150x180.png\"><img decoding=\"async\" loading=\"lazy\" class=\"alignnone size-full wp-image-5501\" src=\"http:\/\/ipv.salta.gov.ar\/wp-content\/uploads\/2014\/08\/banner150x180.png\" alt=\"banner150x180\" width=\"150\" height=\"180\" \/><\/a><\/p>\n<p>Ingres\u00e1 a\u00a0<a href=\"http:\/\/ipv.salta.gov.ar\/wp-content\/uploads\/2014\/08\/SALTA-CNV43-3ra.pdf\">SALTA CNV43 3ra<\/a>\u00a0y disfrut\u00e1 del nuevo Art\u00edculo de la Provincia de Salta, en la Edici\u00f3n N\u00ba 43 de la Revista del Consejo Nacional de la Vivienda.<\/p>\n<p>Encontrar\u00e1s todo lo relacionado al \u00a0anuncio \u00a0del Gobernador Urtubey en el Estadio Delmi, por la construcci\u00f3n de 1.300 nuevas viviendas y el inicio de la Gesti\u00f3n del Interventor Mat\u00edas Posadas, como nuevo titular del Instituto Provincial de la Vivienda.<\/p>\n<p>Si te interesa ver la edici\u00f3n completa, ingres\u00e1 \u00a0<a href=\"http:\/\/ipv.salta.gov.ar\/wp-content\/uploads\/2014\/08\/cnv43.pdf\">cnv43<\/a><\/p>\n<p>&nbsp;<\/p>\n","protected":false},"excerpt":{"rendered":"<p>Ingres\u00e1 a\u00a0SALTA CNV43 3ra\u00a0y disfrut\u00e1 del nuevo Art\u00edculo de la Provincia de Salta, en la Edici\u00f3n N\u00ba 43 de la Revista del Consejo Nacional de la Vivienda. Encontrar\u00e1s todo lo relacionado al \u00a0anuncio \u00a0del Gobernador Urtubey en el Estadio Delmi, por la construcci\u00f3n de 1.300 nuevas viviendas y el inicio de la Gesti\u00f3n del Interventor [&hellip;]<\/p>\n","protected":false},"author":3,"featured_media":5501,"comment_status":"closed","ping_status":"open","sticky":false,"template":"","format":"standard","meta":{"footnotes":""},"categories":[4],"tags":[],"_links":{"self":[{"href":"http:\/\/ipv.salta.gov.ar\/index.php?rest_route=\/wp\/v2\/posts\/5496"}],"collection":[{"href":"http:\/\/ipv.salta.gov.ar\/index.php?rest_route=\/wp\/v2\/posts"}],"about":[{"href":"http:\/\/ipv.salta.gov.ar\/index.php?rest_route=\/wp\/v2\/types\/post"}],"author":[{"embeddable":true,"href":"http:\/\/ipv.salta.gov.ar\/index.php?rest_route=\/wp\/v2\/users\/3"}],"replies":[{"embeddable":true,"href":"http:\/\/ipv.salta.gov.ar\/index.php?rest_route=%2Fwp%2Fv2%2Fcomments&post=5496"}],"version-history":[{"count":5,"href":"http:\/\/ipv.salta.gov.ar\/index.php?rest_route=\/wp\/v2\/posts\/5496\/revisions"}],"predecessor-version":[{"id":5503,"href":"http:\/\/ipv.salta.gov.ar\/index.php?rest_route=\/wp\/v2\/posts\/5496\/revisions\/5503"}],"wp:featuredmedia":[{"embeddable":true,"href":"http:\/\/ipv.salta.gov.ar\/index.php?rest_route=\/wp\/v2\/media\/5501"}],"wp:attachment":[{"href":"http:\/\/ipv.salta.gov.ar\/index.php?rest_route=%2Fwp%2Fv2%2Fmedia&parent=5496"}],"wp:term":[{"taxonomy":"category","embeddable":true,"href":"http:\/\/ipv.salta.gov.ar\/index.php?rest_route=%2Fwp%2Fv2%2Fcategories&post=5496"},{"taxonomy":"post_tag","embeddable":true,"href":"http:\/\/ipv.salta.gov.ar\/index.php?rest_route=%2Fwp%2Fv2%2Ftags&post=5496"}],"curies":[{"name":"wp","href":"https:\/\/api.w.org\/{rel}","templated":true}]}}