{"id":5508,"date":"2014-08-21T07:51:02","date_gmt":"2014-08-21T10:51:02","guid":{"rendered":"http:\/\/ipv.salta.gov.ar\/?p=5508"},"modified":"2014-08-21T07:51:02","modified_gmt":"2014-08-21T10:51:02","slug":"el-ipv-mejora-condiciones-en-terrenos-de-barrio-los-pinares","status":"publish","type":"post","link":"http:\/\/ipv.salta.gov.ar\/?p=5508","title":{"rendered":"El IPV mejora condiciones en terrenos de barrio Los Pinares"},"content":{"rendered":"<p class=\"texto-descripciones2texto-col-222justificado\" style=\"text-align: justify;\"><strong><a href=\"http:\/\/ipv.salta.gov.ar\/wp-content\/uploads\/2014\/08\/200814-pinares.jpg\"><img decoding=\"async\" loading=\"lazy\" class=\"alignnone size-medium wp-image-5507\" src=\"http:\/\/ipv.salta.gov.ar\/wp-content\/uploads\/2014\/08\/200814-pinares-300x193.jpg\" alt=\"200814-pinares\" width=\"300\" height=\"193\" srcset=\"http:\/\/ipv.salta.gov.ar\/wp-content\/uploads\/2014\/08\/200814-pinares-300x193.jpg 300w, http:\/\/ipv.salta.gov.ar\/wp-content\/uploads\/2014\/08\/200814-pinares.jpg 560w\" sizes=\"(max-width: 300px) 100vw, 300px\" \/><\/a><\/strong><\/p>\n<p class=\"texto-descripciones2texto-col-222justificado\" style=\"text-align: justify;\"><strong>La intervenci\u00f3n inmediata permiti\u00f3 que hoy comenzaran los trabajos de compactaci\u00f3n y nivelaci\u00f3n de los terrenos.<\/strong><\/p>\n<p class=\"texto-descripciones2texto-col-222justificado\" style=\"text-align: justify;\"><!--more--><\/p>\n<p style=\"text-align: justify;\">El interventor del IPV Mat\u00edas Posadas supervis\u00f3 in situ el inicio de las obras de nivelaci\u00f3n y compactaci\u00f3n en terrenos del barrio Los Pinares. Se trata de la segunda visita del funcionario al barrio de Cerrillos. En la primera oportunidad, los vecinos manifestaron sus dudas sobre hundimientos y Posadas determin\u00f3 que comiencen inmediatamente las obras necesarias para garantizar la calidad de vida de los adjudicatarios.<\/p>\n<p style=\"text-align: justify;\">El funcionario visit\u00f3 nuevamente barrio Los Pinares para supervisar el inicio de las obras en el sector donde se ejecutaron las viviendas entregadas hace un a\u00f1o.\u201cLos problemas que se presentaron en algunas viviendas fueron causados por el desnivel de los terrenos y no se originaron en la construcci\u00f3n ni los materiales utilizados\u201d, explic\u00f3 el interventor del IPV, Mat\u00edas Posadas, quien cit\u00f3 los informes t\u00e9cnicos de los especialistas.<\/p>\n<p style=\"text-align: justify;\">Recientemente, Posadas realiz\u00f3 una visita al barrio y escuch\u00f3 a los vecinos de Los Pinares, debido a los reclamos surgidos por el presunto hundimiento de suelo en los terrenos, y el consecuente estancamiento de agua.<\/p>\n<p style=\"text-align: justify;\">La intervenci\u00f3n inmediata permiti\u00f3 que hoy comenzaran los trabajos de compactaci\u00f3n y nivelaci\u00f3n de los terrenos.<\/p>\n<p style=\"text-align: justify;\">Hoy nuevamente el funcionario habl\u00f3 con los vecinos damnificados y les inform\u00f3 que en un mes aproximadamente, las obras estar\u00e1n concluidas. Los trabajos de nivelaci\u00f3n y compactaci\u00f3n del suelo servir\u00e1n para evitar otros inconvenientes.<\/p>\n<p style=\"text-align: justify;\">\n","protected":false},"excerpt":{"rendered":"<p>La intervenci\u00f3n inmediata permiti\u00f3 que hoy comenzaran los trabajos de compactaci\u00f3n y nivelaci\u00f3n de los terrenos.<\/p>\n","protected":false},"author":3,"featured_media":5507,"comment_status":"closed","ping_status":"open","sticky":false,"template":"","format":"standard","meta":{"footnotes":""},"categories":[4,49],"tags":[],"_links":{"self":[{"href":"http:\/\/ipv.salta.gov.ar\/index.php?rest_route=\/wp\/v2\/posts\/5508"}],"collection":[{"href":"http:\/\/ipv.salta.gov.ar\/index.php?rest_route=\/wp\/v2\/posts"}],"about":[{"href":"http:\/\/ipv.salta.gov.ar\/index.php?rest_route=\/wp\/v2\/types\/post"}],"author":[{"embeddable":true,"href":"http:\/\/ipv.salta.gov.ar\/index.php?rest_route=\/wp\/v2\/users\/3"}],"replies":[{"embeddable":true,"href":"http:\/\/ipv.salta.gov.ar\/index.php?rest_route=%2Fwp%2Fv2%2Fcomments&post=5508"}],"version-history":[{"count":1,"href":"http:\/\/ipv.salta.gov.ar\/index.php?rest_route=\/wp\/v2\/posts\/5508\/revisions"}],"predecessor-version":[{"id":5509,"href":"http:\/\/ipv.salta.gov.ar\/index.php?rest_route=\/wp\/v2\/posts\/5508\/revisions\/5509"}],"wp:featuredmedia":[{"embeddable":true,"href":"http:\/\/ipv.salta.gov.ar\/index.php?rest_route=\/wp\/v2\/media\/5507"}],"wp:attachment":[{"href":"http:\/\/ipv.salta.gov.ar\/index.php?rest_route=%2Fwp%2Fv2%2Fmedia&parent=5508"}],"wp:term":[{"taxonomy":"category","embeddable":true,"href":"http:\/\/ipv.salta.gov.ar\/index.php?rest_route=%2Fwp%2Fv2%2Fcategories&post=5508"},{"taxonomy":"post_tag","embeddable":true,"href":"http:\/\/ipv.salta.gov.ar\/index.php?rest_route=%2Fwp%2Fv2%2Ftags&post=5508"}],"curies":[{"name":"wp","href":"https:\/\/api.w.org\/{rel}","templated":true}]}}