{"id":5512,"date":"2014-08-22T08:30:44","date_gmt":"2014-08-22T11:30:44","guid":{"rendered":"http:\/\/ipv.salta.gov.ar\/?p=5512"},"modified":"2014-08-22T08:30:44","modified_gmt":"2014-08-22T11:30:44","slug":"el-ipv-mantiene-reuniones-con-distintas-agrupaciones-de-trabajadores","status":"publish","type":"post","link":"http:\/\/ipv.salta.gov.ar\/?p=5512","title":{"rendered":"El IPV mantiene reuniones con distintas agrupaciones de trabajadores"},"content":{"rendered":"<p class=\"texto-descripciones2texto-col-222justificado\" style=\"text-align: justify;\"><strong><a href=\"http:\/\/ipv.salta.gov.ar\/wp-content\/uploads\/2014\/08\/web-ipv-21-agosto.jpg\"><img decoding=\"async\" loading=\"lazy\" class=\"alignnone size-medium wp-image-5511\" src=\"http:\/\/ipv.salta.gov.ar\/wp-content\/uploads\/2014\/08\/web-ipv-21-agosto-300x193.jpg\" alt=\"web-ipv-21-agosto\" width=\"300\" height=\"193\" srcset=\"http:\/\/ipv.salta.gov.ar\/wp-content\/uploads\/2014\/08\/web-ipv-21-agosto-300x193.jpg 300w, http:\/\/ipv.salta.gov.ar\/wp-content\/uploads\/2014\/08\/web-ipv-21-agosto.jpg 560w\" sizes=\"(max-width: 300px) 100vw, 300px\" \/><\/a><\/strong><\/p>\n<p class=\"texto-descripciones2texto-col-222justificado\" style=\"text-align: justify;\"><strong>Se decidi\u00f3 convocar a todos los sectores de trabajadores organizados en asociaciones, gremios y sindicatos, que tienen definidas las necesidades puntuales de las familias a las que representan.<\/strong><\/p>\n<p class=\"texto-descripciones2texto-col-222justificado\" style=\"text-align: justify;\"><!--more--><\/p>\n<p style=\"text-align: justify;\">El interventor del IPV Mat\u00edas Posadas Posadas recibi\u00f3 ayer\u00a0al secretario general del Sindicato de Trabajadores Legislativos, Juan Zamudio.<\/p>\n<p style=\"text-align: justify;\">En la oportunidad, el funcionario se interioriz\u00f3 acerca de la demanda habitacional de los trabajadores legislativos.<\/p>\n<p style=\"text-align: justify;\">Posadas destac\u00f3 que el organismo trabaja para brindar soluci\u00f3n a la problem\u00e1tica habitacional de las 13.500 familias inscriptas y con fichas actualizadas.<\/p>\n<p style=\"text-align: justify;\">A ese efecto, se decidi\u00f3 convocar a todos los sectores de trabajadores organizados en asociaciones, gremios y sindicatos, que tienen definidas las necesidades puntuales de las familias a las que representan.<\/p>\n<p style=\"text-align: justify;\">\u00a0\u201cVamos a trabajar junto a todos los sectores de la provincia, porque el principal objetivo es lograr que cada familia salte\u00f1a cuente con su vivienda propia y pueda vivir dignamente\u201d, se\u00f1al\u00f3 Posadas.<\/p>\n","protected":false},"excerpt":{"rendered":"<p>Se decidi\u00f3 convocar a todos los sectores de trabajadores organizados en asociaciones, gremios y sindicatos, que tienen definidas las necesidades puntuales de las familias a las que representan.<\/p>\n","protected":false},"author":3,"featured_media":5511,"comment_status":"closed","ping_status":"open","sticky":false,"template":"","format":"standard","meta":{"footnotes":""},"categories":[4,49],"tags":[],"_links":{"self":[{"href":"http:\/\/ipv.salta.gov.ar\/index.php?rest_route=\/wp\/v2\/posts\/5512"}],"collection":[{"href":"http:\/\/ipv.salta.gov.ar\/index.php?rest_route=\/wp\/v2\/posts"}],"about":[{"href":"http:\/\/ipv.salta.gov.ar\/index.php?rest_route=\/wp\/v2\/types\/post"}],"author":[{"embeddable":true,"href":"http:\/\/ipv.salta.gov.ar\/index.php?rest_route=\/wp\/v2\/users\/3"}],"replies":[{"embeddable":true,"href":"http:\/\/ipv.salta.gov.ar\/index.php?rest_route=%2Fwp%2Fv2%2Fcomments&post=5512"}],"version-history":[{"count":1,"href":"http:\/\/ipv.salta.gov.ar\/index.php?rest_route=\/wp\/v2\/posts\/5512\/revisions"}],"predecessor-version":[{"id":5513,"href":"http:\/\/ipv.salta.gov.ar\/index.php?rest_route=\/wp\/v2\/posts\/5512\/revisions\/5513"}],"wp:featuredmedia":[{"embeddable":true,"href":"http:\/\/ipv.salta.gov.ar\/index.php?rest_route=\/wp\/v2\/media\/5511"}],"wp:attachment":[{"href":"http:\/\/ipv.salta.gov.ar\/index.php?rest_route=%2Fwp%2Fv2%2Fmedia&parent=5512"}],"wp:term":[{"taxonomy":"category","embeddable":true,"href":"http:\/\/ipv.salta.gov.ar\/index.php?rest_route=%2Fwp%2Fv2%2Fcategories&post=5512"},{"taxonomy":"post_tag","embeddable":true,"href":"http:\/\/ipv.salta.gov.ar\/index.php?rest_route=%2Fwp%2Fv2%2Ftags&post=5512"}],"curies":[{"name":"wp","href":"https:\/\/api.w.org\/{rel}","templated":true}]}}