{"id":5620,"date":"2014-09-10T08:10:30","date_gmt":"2014-09-10T11:10:30","guid":{"rendered":"http:\/\/ipv.salta.gov.ar\/?p=5620"},"modified":"2014-09-10T08:10:30","modified_gmt":"2014-09-10T11:10:30","slug":"el-interventor-del-ipv-recibio-a-representantes-de-sutiaga","status":"publish","type":"post","link":"http:\/\/ipv.salta.gov.ar\/?p=5620","title":{"rendered":"El interventor del IPV recibi\u00f3 a representantes de SUTIAGA"},"content":{"rendered":"<p class=\"texto-descripciones2texto-col-222justificado\" style=\"text-align: justify; margin: 0cm 0cm 7.5pt 0cm;\"><strong><span style=\"font-family: Helvetica;\"><a href=\"http:\/\/ipv.salta.gov.ar\/wp-content\/uploads\/2014\/09\/posads-sutiaga.jpg\"><img decoding=\"async\" loading=\"lazy\" class=\"alignnone size-medium wp-image-5619\" src=\"http:\/\/ipv.salta.gov.ar\/wp-content\/uploads\/2014\/09\/posads-sutiaga-300x225.jpg\" alt=\"posads-sutiaga\" width=\"300\" height=\"225\" srcset=\"http:\/\/ipv.salta.gov.ar\/wp-content\/uploads\/2014\/09\/posads-sutiaga-300x225.jpg 300w, http:\/\/ipv.salta.gov.ar\/wp-content\/uploads\/2014\/09\/posads-sutiaga-600x450.jpg 600w\" sizes=\"(max-width: 300px) 100vw, 300px\" \/><\/a><\/span><\/strong><\/p>\n<p class=\"texto-descripciones2texto-col-222justificado\" style=\"text-align: justify; margin: 0cm 0cm 7.5pt 0cm;\"><strong><span style=\"font-family: Helvetica;\">El secretario general de SUTIAGA de Salta, Juan Carlos Ortega y el dirigente Ram\u00f3n Vargas, interiorizaron al titular del IPV sobre la necesidad habitacional y pidieron al funcionario ser considerados en alg\u00fan programa de viviendas que los incluya.<\/span><\/strong><\/p>\n<p class=\"texto-descripciones2texto-col-222justificado\" style=\"text-align: justify; margin: 0cm 0cm 7.5pt 0cm;\"><!--more--><\/p>\n<p style=\"text-align: justify; margin: 0cm 0cm 7.5pt 0cm;\"><span style=\"font-family: Helvetica; color: #333333;\">El Interventor del IPV Mat\u00edas Posadas recibi\u00f3 a los representantes de SUTIAGA, sindicato que agrupa a los trabajadores de Aguas Gaseosas, pocas horas despu\u00e9s de haber mantenido una reuni\u00f3n con trabajadores del Sindicato de Peones de Taxis. Desde el inicio de su gesti\u00f3n, el funcionario recibe peri\u00f3dicamente a los referentes de todos los sectores para, conocer a fondo las necesidades de vivienda de sus representados.<\/span><\/p>\n<p style=\"text-align: justify; background-position: initial initial; background-repeat: initial initial; margin: 0cm 0cm 7.5pt 0cm;\"><span style=\"font-family: Helvetica; color: #333333;\">El secretario general de SUTIAGA de Salta, Juan Carlos Ortega y el dirigente Ram\u00f3n Vargas, interiorizaron al titular del IPV sobre la necesidad habitacional y pidieron al funcionario ser considerados en alg\u00fan programa de viviendas que los incluya.<\/span><\/p>\n<p style=\"text-align: justify; background-position: initial initial; background-repeat: initial initial; margin: 0cm 0cm 7.5pt 0cm;\"><span style=\"font-family: Helvetica; color: #333333;\">En ese sentido, Posadas inform\u00f3 a los gremialistas que \u201cla Provincia atiende las necesidades de todos los sectores y que el objetivo del gobernador Urtubey es brindar una soluci\u00f3n a la problem\u00e1tica habitacional de todos los salte\u00f1os\u201d.<\/span><\/p>\n<p style=\"text-align: justify; background-position: initial initial; background-repeat: initial initial; margin: 0cm 0cm 7.5pt 0cm;\"><span style=\"font-family: Helvetica; color: #333333;\">Seg\u00fan adelantaron los dirigentes, los resultados del encuentro con Posadas, ser\u00e1n compartidos con el titular de la Federaci\u00f3n Argentina de Trabajadores de Aguas Gaseosas y Afines (FATAGA), Ra\u00fal Alberto \u00c1lvarez, quien llegar\u00e1 a Salta en los pr\u00f3ximos d\u00edas. La Provincia ser\u00e1 sede de un encuentro con los dirigentes y trabajadores de Salta, Jujuy, Tucum\u00e1n, Catamarca y Santiago del Estero.<\/span><\/p>\n<p style=\"text-align: justify; background-position: initial initial; background-repeat: initial initial; margin: 0cm 0cm 7.5pt 0cm;\"><span style=\"font-family: Helvetica; color: #333333;\">Ortega anticip\u00f3 que con las seccionales del NOA se plantear\u00e1n los problemas comunes y tambi\u00e9n las soluciones comunes.<\/span><\/p>\n","protected":false},"excerpt":{"rendered":"<p>El secretario general de SUTIAGA de Salta, Juan Carlos Ortega y el dirigente Ram\u00f3n Vargas, interiorizaron al titular del IPV sobre la necesidad habitacional y pidieron al funcionario ser considerados en alg\u00fan programa de viviendas que los incluya.<\/p>\n","protected":false},"author":3,"featured_media":5619,"comment_status":"closed","ping_status":"open","sticky":false,"template":"","format":"standard","meta":{"footnotes":""},"categories":[4,49],"tags":[],"_links":{"self":[{"href":"http:\/\/ipv.salta.gov.ar\/index.php?rest_route=\/wp\/v2\/posts\/5620"}],"collection":[{"href":"http:\/\/ipv.salta.gov.ar\/index.php?rest_route=\/wp\/v2\/posts"}],"about":[{"href":"http:\/\/ipv.salta.gov.ar\/index.php?rest_route=\/wp\/v2\/types\/post"}],"author":[{"embeddable":true,"href":"http:\/\/ipv.salta.gov.ar\/index.php?rest_route=\/wp\/v2\/users\/3"}],"replies":[{"embeddable":true,"href":"http:\/\/ipv.salta.gov.ar\/index.php?rest_route=%2Fwp%2Fv2%2Fcomments&post=5620"}],"version-history":[{"count":1,"href":"http:\/\/ipv.salta.gov.ar\/index.php?rest_route=\/wp\/v2\/posts\/5620\/revisions"}],"predecessor-version":[{"id":5621,"href":"http:\/\/ipv.salta.gov.ar\/index.php?rest_route=\/wp\/v2\/posts\/5620\/revisions\/5621"}],"wp:featuredmedia":[{"embeddable":true,"href":"http:\/\/ipv.salta.gov.ar\/index.php?rest_route=\/wp\/v2\/media\/5619"}],"wp:attachment":[{"href":"http:\/\/ipv.salta.gov.ar\/index.php?rest_route=%2Fwp%2Fv2%2Fmedia&parent=5620"}],"wp:term":[{"taxonomy":"category","embeddable":true,"href":"http:\/\/ipv.salta.gov.ar\/index.php?rest_route=%2Fwp%2Fv2%2Fcategories&post=5620"},{"taxonomy":"post_tag","embeddable":true,"href":"http:\/\/ipv.salta.gov.ar\/index.php?rest_route=%2Fwp%2Fv2%2Ftags&post=5620"}],"curies":[{"name":"wp","href":"https:\/\/api.w.org\/{rel}","templated":true}]}}