{"id":5627,"date":"2014-09-11T11:21:02","date_gmt":"2014-09-11T14:21:02","guid":{"rendered":"http:\/\/ipv.salta.gov.ar\/?p=5627"},"modified":"2014-09-11T11:21:02","modified_gmt":"2014-09-11T14:21:02","slug":"el-ipv-avanza-en-la-construccion-y-mejoras-de-casas-en-la-caldera","status":"publish","type":"post","link":"http:\/\/ipv.salta.gov.ar\/?p=5627","title":{"rendered":"El IPV avanza en la construcci\u00f3n y mejoras de casas en La Caldera"},"content":{"rendered":"<p class=\"texto-descripciones2texto-col-222justificado\" style=\"margin: 0cm 0cm 7.5pt; text-align: justify;\"><strong><span style=\"font-size: 9.5pt; font-family: Helvetica;\"><a href=\"http:\/\/ipv.salta.gov.ar\/wp-content\/uploads\/2014\/09\/11-9-web-ipv-lacaldera.jpg\"><img decoding=\"async\" loading=\"lazy\" class=\"alignnone size-medium wp-image-5629\" src=\"http:\/\/ipv.salta.gov.ar\/wp-content\/uploads\/2014\/09\/11-9-web-ipv-lacaldera-300x193.jpg\" alt=\"11-9-web-ipv-lacaldera\" width=\"300\" height=\"193\" srcset=\"http:\/\/ipv.salta.gov.ar\/wp-content\/uploads\/2014\/09\/11-9-web-ipv-lacaldera-300x193.jpg 300w, http:\/\/ipv.salta.gov.ar\/wp-content\/uploads\/2014\/09\/11-9-web-ipv-lacaldera.jpg 560w\" sizes=\"(max-width: 300px) 100vw, 300px\" \/><\/a><\/span><\/strong><\/p>\n<p class=\"texto-descripciones2texto-col-222justificado\" style=\"margin: 0cm 0cm 7.5pt; text-align: justify;\"><strong><span style=\"font-size: 9.5pt; font-family: Helvetica;\">El IPV avanza en la construcci\u00f3n de nuevas viviendas y de mejoras en casas precarias de La Caldera. El intendente Luis Menda\u00f1a se reuni\u00f3 con el interventor Mat\u00edas Posadas. Ambos verificaron los avances de obra.<\/span><\/strong><\/p>\n<p class=\"texto-descripciones2texto-col-222justificado\" style=\"margin: 0cm 0cm 7.5pt; text-align: justify;\"><!--more--><\/p>\n<p style=\"margin: 0cm 0cm 7.5pt; text-align: justify;\"><span style=\"font-size: 10.5pt; font-family: Helvetica; color: #333333;\">El interventor del IPV, Mat\u00edas Posadas, estim\u00f3 que por el buen ritmo de avance de las obras, las viviendas ser\u00e1n entregadas en los pr\u00f3ximos meses.<\/span><\/p>\n<p style=\"margin: 0cm 0cm 7.5pt; text-align: justify;\"><span style=\"font-size: 10.5pt; font-family: Helvetica; color: #333333;\">A trav\u00e9s del Programa Federal Mejor Vivir se edifican 10 casas que tienen un avance del 34%, y por medio del programa provincial \u201cRecuperaci\u00f3n\u201d otras 10 familias de escasos recursos podr\u00e1n concluir la refacci\u00f3n o ampliaci\u00f3n de sus viviendas precarias, ya que las obras presentan un avance del 63%.<\/span><\/p>\n<p style=\"margin: 0cm 0cm 7.5pt; text-align: justify;\"><span style=\"font-size: 10.5pt; font-family: Helvetica; color: #333333;\">Durante el encuentro, el intendente Luis Menda\u00f1a agradeci\u00f3 a la Provincia por invertir y brindar una soluci\u00f3n a las familias m\u00e1s necesitadas y pidi\u00f3 al interventor seguir trabajando mancomunadamente por la construcci\u00f3n de viviendas en el municipio metropolitano.<\/span><\/p>\n<p style=\"margin: 0cm 0cm 7.5pt; text-align: justify;\"><span style=\"font-size: 10.5pt; font-family: Helvetica; color: #333333;\">Posadas destac\u00f3 que cada vez que se decide proyectar nuevas viviendas o mejorar las existentes, tambi\u00e9n se valora el crecimiento poblacional de ciudades cercanas a la Capital, con el fin de permitir la radicaci\u00f3n permanente de las familias en sus pueblos.<\/span><\/p>\n<p style=\"margin: 0cm 0cm 7.5pt; text-align: justify;\"><span style=\"font-size: 10.5pt; font-family: Helvetica; color: #333333;\">Posadas enfatiz\u00f3 el crecimiento demogr\u00e1fico exponencial de La Caldera, ya que de los pocos m\u00e1s de 1500 habitantes que ten\u00eda en 2001 (seg\u00fan el INDEC), y habiendo aumentado su poblaci\u00f3n en un 94% frente a los 806 habitantes del censo anterior de 1991, el Censo 2010 precis\u00f3 que ya hay m\u00e1s de 7800 habitantes permanentes.<\/span><\/p>\n<p style=\"margin: 0cm 0cm 7.5pt; text-align: justify;\"><span style=\"font-size: 10.5pt; font-family: Helvetica; color: #333333;\">\u201cLas ciudades m\u00e1s cercanas a la capital eran de veraneo hasta hace algunos unos a\u00f1os, pero la realidad obliga a contemplar las necesidades habitacionales de familias que nacieron o se instalan en pueblos en desarrollo\u201d, finaliz\u00f3 Posadas.<\/span><\/p>\n","protected":false},"excerpt":{"rendered":"<p>El IPV avanza en la construcci\u00f3n de nuevas viviendas y de mejoras en casas precarias de La Caldera. El intendente Luis Menda\u00f1a se reuni\u00f3 con el interventor Mat\u00edas Posadas. Ambos verificaron los avances de obra.<\/p>\n","protected":false},"author":3,"featured_media":5629,"comment_status":"closed","ping_status":"open","sticky":false,"template":"","format":"standard","meta":{"footnotes":""},"categories":[4,49],"tags":[],"_links":{"self":[{"href":"http:\/\/ipv.salta.gov.ar\/index.php?rest_route=\/wp\/v2\/posts\/5627"}],"collection":[{"href":"http:\/\/ipv.salta.gov.ar\/index.php?rest_route=\/wp\/v2\/posts"}],"about":[{"href":"http:\/\/ipv.salta.gov.ar\/index.php?rest_route=\/wp\/v2\/types\/post"}],"author":[{"embeddable":true,"href":"http:\/\/ipv.salta.gov.ar\/index.php?rest_route=\/wp\/v2\/users\/3"}],"replies":[{"embeddable":true,"href":"http:\/\/ipv.salta.gov.ar\/index.php?rest_route=%2Fwp%2Fv2%2Fcomments&post=5627"}],"version-history":[{"count":2,"href":"http:\/\/ipv.salta.gov.ar\/index.php?rest_route=\/wp\/v2\/posts\/5627\/revisions"}],"predecessor-version":[{"id":5630,"href":"http:\/\/ipv.salta.gov.ar\/index.php?rest_route=\/wp\/v2\/posts\/5627\/revisions\/5630"}],"wp:featuredmedia":[{"embeddable":true,"href":"http:\/\/ipv.salta.gov.ar\/index.php?rest_route=\/wp\/v2\/media\/5629"}],"wp:attachment":[{"href":"http:\/\/ipv.salta.gov.ar\/index.php?rest_route=%2Fwp%2Fv2%2Fmedia&parent=5627"}],"wp:term":[{"taxonomy":"category","embeddable":true,"href":"http:\/\/ipv.salta.gov.ar\/index.php?rest_route=%2Fwp%2Fv2%2Fcategories&post=5627"},{"taxonomy":"post_tag","embeddable":true,"href":"http:\/\/ipv.salta.gov.ar\/index.php?rest_route=%2Fwp%2Fv2%2Ftags&post=5627"}],"curies":[{"name":"wp","href":"https:\/\/api.w.org\/{rel}","templated":true}]}}